{"id":2513,"date":"2020-01-13T15:45:07","date_gmt":"2020-01-13T13:45:07","guid":{"rendered":"https:\/\/contratacion.almunecar.es\/?p=2513"},"modified":"2020-07-23T12:51:31","modified_gmt":"2020-07-23T10:51:31","slug":"expte-137-2019-gest-9948-2019-concesion-administrativa-demanial-uso-privativo-para-la-explotacion-del-local-mumero-4-de-los-bajos-del-paseo-del-fenicio-de-almunecar","status":"publish","type":"post","link":"https:\/\/contratacion.almunecar.es\/?p=2513","title":{"rendered":"(DESIERTO) EXPTE 137\/2019 (GEST 9948\/2019): CONCESI\u00d3N ADMINISTRATIVA DEMANIAL (USO PRIVATIVO) PARA LA EXPLOTACI\u00d3N DEL LOCAL M\u00daMERO 4 DE LOS BAJOS DEL PASEO DEL FENICIO DE ALMU\u00d1\u00c9CAR"},"content":{"rendered":"<p>13\/01\/2020 <a href=\"https:\/\/contratacion.almunecar.es\/wp-content\/uploads\/2020\/01\/informe.pdf\">Informe t\u00e9cnico<\/a><\/p>\n<p>13\/01\/2020 <a href=\"https:\/\/contratacion.almunecar.es\/wp-content\/uploads\/2020\/01\/PPT-local-4.pdf\">PPT local 4<\/a><\/p>\n<p>13\/01\/2020 <a href=\"https:\/\/contratacion.almunecar.es\/wp-content\/uploads\/2020\/01\/PCAP-local-4.pdf\">PCAP local 4<\/a><\/p>\n<p>13\/01\/2020 <a href=\"https:\/\/contratacion.almunecar.es\/wp-content\/uploads\/2020\/01\/Acuerdo-Pleno-aprobacion-expediente.pdf\">Acuerdo Pleno aprobaci\u00f3n expediente<\/a><\/p>\n<p>13\/01\/2020 <a href=\"https:\/\/contratacion.almunecar.es\/wp-content\/uploads\/2020\/01\/DOC_CN2020-714985.pdf\">PLACSP &#8211; Anuncio licitaci\u00f3n(anulado)<\/a> 14\/01\/2020 <a href=\"https:\/\/contratacion.almunecar.es\/wp-content\/uploads\/2020\/01\/20200114_PLACSP-Anulaci\u00f3n-Anuncio-de-Licitaci\u00f3n-1.pdf\">PLACSP &#8211; Anulaci\u00f3n Anuncio de Licitaci\u00f3n<\/a><\/p>\n<p>13\/01\/2020 <a href=\"https:\/\/contratacion.almunecar.es\/wp-content\/uploads\/2020\/01\/doc-pliegos.pdf\">PLACSP &#8211; Documento Pliegos(anulado)<\/a> 14\/01\/2020 <a href=\"https:\/\/contratacion.almunecar.es\/wp-content\/uploads\/2020\/01\/20200114_PLACSP-Anulaci\u00f3n-Documento-de-los-Pliegos.pdf\">20200114_PLACSP &#8211; Documento de los Pliegos<\/a><\/p>\n<p>14\/01\/2020 <a href=\"https:\/\/contratacion.almunecar.es\/wp-content\/uploads\/2020\/01\/20200114_PLACSP-Anuncio-de-Licitaci\u00f3n-corregido-1.pdf\">PLACSP &#8211; Anuncio de Licitaci\u00f3n corregido<\/a><\/p>\n<p>14\/01\/2020 <a href=\"https:\/\/contratacion.almunecar.es\/wp-content\/uploads\/2020\/01\/20200114_PLACSP-Documento-de-los-pliegos-corregido-1.pdf\">PLACSP &#8211; Documento de los pliegos corregido<\/a><\/p>\n<p>Enlace directo a la licitaci\u00f3n: <a href=\"https:\/\/contrataciondelestado.es\/wps\/poc?uri=deeplink%3Adetalle_licitacion&amp;idEvl=C0uDx9gLlrEBPRBxZ4nJ%2Fg%3D%3D\">https:\/\/contrataciondelestado.es\/wps\/poc?uri=deeplink%3Adetalle_licitacion&amp;idEvl=C0uDx9gLlrEBPRBxZ4nJ%2Fg%3D%3D<\/a><\/p>\n<p>10\/03\/2020 <a href=\"https:\/\/contratacion.almunecar.es\/wp-content\/uploads\/2020\/01\/Acuerdo-Pleno-desierto.pdf\">Acuerdo Pleno: desierto<\/a><\/p>\n","protected":false},"excerpt":{"rendered":"<p>13\/01\/2020 Informe t\u00e9cnico 13\/01\/2020 PPT local 4 13\/01\/2020 PCAP local 4 13\/01\/2020 Acuerdo Pleno aprobaci\u00f3n expediente 13\/01\/2020 PLACSP &#8211; Anuncio licitaci\u00f3n(anulado) 14\/01\/2020 PLACSP &#8211; Anulaci\u00f3n Anuncio de Licitaci\u00f3n 13\/01\/2020 PLACSP &#8211; Documento Pliegos(anulado) 14\/01\/2020 20200114_PLACSP &#8211; Documento de los Pliegos 14\/01\/2020 PLACSP &#8211; Anuncio de Licitaci\u00f3n corregido 14\/01\/2020 PLACSP &#8211; Documento de los pliegos corregido&hellip; <br \/> <a class=\"button small blue\" href=\"https:\/\/contratacion.almunecar.es\/?p=2513\">Leer m\u00e1s<\/a><\/p>\n","protected":false},"author":5,"featured_media":0,"comment_status":"closed","ping_status":"closed","sticky":false,"template":"","format":"standard","meta":{"_acf_changed":false,"footnotes":""},"categories":[3,11],"tags":[],"class_list":["post-2513","post","type-post","status-publish","format-standard","hentry","category-anuncio","category-declaracion-desierto"],"acf":[],"_links":{"self":[{"href":"https:\/\/contratacion.almunecar.es\/index.php?rest_route=\/wp\/v2\/posts\/2513","targetHints":{"allow":["GET"]}}],"collection":[{"href":"https:\/\/contratacion.almunecar.es\/index.php?rest_route=\/wp\/v2\/posts"}],"about":[{"href":"https:\/\/contratacion.almunecar.es\/index.php?rest_route=\/wp\/v2\/types\/post"}],"author":[{"embeddable":true,"href":"https:\/\/contratacion.almunecar.es\/index.php?rest_route=\/wp\/v2\/users\/5"}],"replies":[{"embeddable":true,"href":"https:\/\/contratacion.almunecar.es\/index.php?rest_route=%2Fwp%2Fv2%2Fcomments&post=2513"}],"version-history":[{"count":6,"href":"https:\/\/contratacion.almunecar.es\/index.php?rest_route=\/wp\/v2\/posts\/2513\/revisions"}],"predecessor-version":[{"id":3008,"href":"https:\/\/contratacion.almunecar.es\/index.php?rest_route=\/wp\/v2\/posts\/2513\/revisions\/3008"}],"wp:attachment":[{"href":"https:\/\/contratacion.almunecar.es\/index.php?rest_route=%2Fwp%2Fv2%2Fmedia&parent=2513"}],"wp:term":[{"taxonomy":"category","embeddable":true,"href":"https:\/\/contratacion.almunecar.es\/index.php?rest_route=%2Fwp%2Fv2%2Fcategories&post=2513"},{"taxonomy":"post_tag","embeddable":true,"href":"https:\/\/contratacion.almunecar.es\/index.php?rest_route=%2Fwp%2Fv2%2Ftags&post=2513"}],"curies":[{"name":"wp","href":"https:\/\/api.w.org\/{rel}","templated":true}]}}