{"id":2503,"date":"2020-01-13T15:33:57","date_gmt":"2020-01-13T13:33:57","guid":{"rendered":"https:\/\/contratacion.almunecar.es\/?p=2503"},"modified":"2020-03-10T09:53:56","modified_gmt":"2020-03-10T07:53:56","slug":"expte-136-2019-gest-9947-2019-concesion-administrativa-demanial-uso-privativo-para-la-explotacion-del-local-numero-1-de-los-bajos-del-paseo-del-fenio-de-almunecar","status":"publish","type":"post","link":"https:\/\/contratacion.almunecar.es\/?p=2503","title":{"rendered":"EXPTE 136\/2019 (GEST 9947\/2019): CONCESI\u00d3N ADMINISTRATIVA DEMANIAL (USO PRIVATIVO) PARA LA EXPLOTACI\u00d3N DEL LOCAL N\u00daMERO 1 DE LOS BAJOS DEL PASEO DEL FENICIO DE ALMU\u00d1\u00c9CAR"},"content":{"rendered":"<p>13\/01\/2020 <a href=\"https:\/\/contratacion.almunecar.es\/wp-content\/uploads\/2020\/01\/Informe-tecnico.pdf\">Informe t\u00e9cnico<\/a><\/p>\n<p>13\/01\/2020 <a href=\"https:\/\/contratacion.almunecar.es\/wp-content\/uploads\/2020\/01\/PPT.pdf\">PPT<\/a><\/p>\n<p>13\/01\/2020 <a href=\"https:\/\/contratacion.almunecar.es\/wp-content\/uploads\/2020\/01\/PCAP.pdf\">PCAP<\/a><\/p>\n<p>13\/01\/2020 <a href=\"https:\/\/contratacion.almunecar.es\/wp-content\/uploads\/2020\/01\/Acuerdo-Pleno-Aprobacion-Pliegos.pdf\">Acuerdo Pleno Aprobaci\u00f3n Pliegos<\/a><\/p>\n<p>13\/01\/2020 <a href=\"https:\/\/contratacion.almunecar.es\/wp-content\/uploads\/2020\/01\/placsp-licitaci\u00f3n.pdf\">PLACSP &#8211; Anuncio Licitaci\u00f3n (anulado)\u00a0\u00a0 <\/a>14\/01\/2020 <a href=\"https:\/\/contratacion.almunecar.es\/wp-content\/uploads\/2020\/01\/20200114_PLACSP-Anulaci\u00f3n-Anuncio-de-Licitaci\u00f3n.pdf\">PLACSP &#8211; Anulaci\u00f3n Anuncio de Licitaci\u00f3n<\/a><\/p>\n<p>13\/01\/2020 <a href=\"https:\/\/contratacion.almunecar.es\/wp-content\/uploads\/2020\/01\/placsp-pliegos.pdf\">PLACSP Documento de los pliegos (anulado) <\/a>14\/01\/2020 <a href=\"https:\/\/contratacion.almunecar.es\/wp-content\/uploads\/2020\/01\/20200114_PLACSP-Anulaci\u00f3n-Anuncio-Documento-Pliegos.pdf\">PLACSP &#8211; Anulaci\u00f3n Anuncio Documento Pliegos<\/a><\/p>\n<p>14\/01\/2020 <a href=\"https:\/\/contratacion.almunecar.es\/wp-content\/uploads\/2020\/01\/20200114_PLACSP-Anuncio-de-Licitaci\u00f3n-corregido.pdf\">PLACSP &#8211; Anuncio de Licitaci\u00f3n corregido<\/a><\/p>\n<p>14\/01\/2020 <a href=\"https:\/\/contratacion.almunecar.es\/wp-content\/uploads\/2020\/01\/20200114_PLACSP-Documento-de-los-pliegos-corregido.pdf\">PLACSP &#8211; Documento de los pliegos corregido<\/a><\/p>\n<p>Enlace directo a la licitaci\u00f3n: <a href=\"https:\/\/contrataciondelestado.es\/wps\/poc?uri=deeplink%3Adetalle_licitacion&amp;idEvl=DAwhGCZbytUuf4aBO%2BvQlQ%3D%3D\">https:\/\/contrataciondelestado.es\/wps\/poc?uri=deeplink%3Adetalle_licitacion&amp;idEvl=DAwhGCZbytUuf4aBO%2BvQlQ%3D%3D<\/a><\/p>\n<p>10\/03\/2020 <a href=\"https:\/\/contratacion.almunecar.es\/wp-content\/uploads\/2020\/01\/AP-desierto.pdf\">Acuerdo Pleno Declaraci\u00f3n Desierto<\/a><\/p>\n<p>&nbsp;<\/p>\n","protected":false},"excerpt":{"rendered":"<p>13\/01\/2020 Informe t\u00e9cnico 13\/01\/2020 PPT 13\/01\/2020 PCAP 13\/01\/2020 Acuerdo Pleno Aprobaci\u00f3n Pliegos 13\/01\/2020 PLACSP &#8211; Anuncio Licitaci\u00f3n (anulado)\u00a0\u00a0 14\/01\/2020 PLACSP &#8211; Anulaci\u00f3n Anuncio de Licitaci\u00f3n 13\/01\/2020 PLACSP Documento de los pliegos (anulado) 14\/01\/2020 PLACSP &#8211; Anulaci\u00f3n Anuncio Documento Pliegos 14\/01\/2020 PLACSP &#8211; Anuncio de Licitaci\u00f3n corregido 14\/01\/2020 PLACSP &#8211; Documento de los pliegos corregido Enlace&hellip; <br \/> <a class=\"button small blue\" href=\"https:\/\/contratacion.almunecar.es\/?p=2503\">Leer m\u00e1s<\/a><\/p>\n","protected":false},"author":5,"featured_media":0,"comment_status":"closed","ping_status":"closed","sticky":false,"template":"","format":"standard","meta":{"_acf_changed":false,"footnotes":""},"categories":[3,11,4],"tags":[],"class_list":["post-2503","post","type-post","status-publish","format-standard","hentry","category-anuncio","category-declaracion-desierto","category-licitacion"],"acf":[],"_links":{"self":[{"href":"https:\/\/contratacion.almunecar.es\/index.php?rest_route=\/wp\/v2\/posts\/2503","targetHints":{"allow":["GET"]}}],"collection":[{"href":"https:\/\/contratacion.almunecar.es\/index.php?rest_route=\/wp\/v2\/posts"}],"about":[{"href":"https:\/\/contratacion.almunecar.es\/index.php?rest_route=\/wp\/v2\/types\/post"}],"author":[{"embeddable":true,"href":"https:\/\/contratacion.almunecar.es\/index.php?rest_route=\/wp\/v2\/users\/5"}],"replies":[{"embeddable":true,"href":"https:\/\/contratacion.almunecar.es\/index.php?rest_route=%2Fwp%2Fv2%2Fcomments&post=2503"}],"version-history":[{"count":9,"href":"https:\/\/contratacion.almunecar.es\/index.php?rest_route=\/wp\/v2\/posts\/2503\/revisions"}],"predecessor-version":[{"id":2691,"href":"https:\/\/contratacion.almunecar.es\/index.php?rest_route=\/wp\/v2\/posts\/2503\/revisions\/2691"}],"wp:attachment":[{"href":"https:\/\/contratacion.almunecar.es\/index.php?rest_route=%2Fwp%2Fv2%2Fmedia&parent=2503"}],"wp:term":[{"taxonomy":"category","embeddable":true,"href":"https:\/\/contratacion.almunecar.es\/index.php?rest_route=%2Fwp%2Fv2%2Fcategories&post=2503"},{"taxonomy":"post_tag","embeddable":true,"href":"https:\/\/contratacion.almunecar.es\/index.php?rest_route=%2Fwp%2Fv2%2Ftags&post=2503"}],"curies":[{"name":"wp","href":"https:\/\/api.w.org\/{rel}","templated":true}]}}