{"id":2491,"date":"2019-12-23T12:30:04","date_gmt":"2019-12-23T10:30:04","guid":{"rendered":"https:\/\/contratacion.almunecar.es\/?p=2491"},"modified":"2020-02-14T14:56:16","modified_gmt":"2020-02-14T12:56:16","slug":"expte-110-2019-gest-7526-2019-servicio-de-mantenimiento-del-antivirus-y-firewall-perimetral-del-ayuntamiento-de-almunecar","status":"publish","type":"post","link":"https:\/\/contratacion.almunecar.es\/?p=2491","title":{"rendered":"EXPTE 110\/2019 (GEST 7526\/2019): SERVICIO DE MANTENIMIENTO DEL ANTIVIRUS Y FIREWALL PERIMETRAL DEL AYUNTAMIENTO DE ALMU\u00d1\u00c9CAR"},"content":{"rendered":"<p>23\/12\/2019 <a href=\"https:\/\/contratacion.almunecar.es\/wp-content\/uploads\/2019\/12\/20191122_Otros_PLIEGO-MANTENIMIENTO-DE-FIREWALL-Y-ANTIVIRUS-PERIMETRAL2.pdf\">PLIEGO MANTENIMIENTO DE FIREWALL Y ANTIVIRUS PERIMETRAL2<\/a><\/p>\n<p>23\/12\/2019 <a href=\"https:\/\/contratacion.almunecar.es\/wp-content\/uploads\/2019\/12\/20191128_Otros_ANEXO-PLIEGO-MANTENIMIENTO-DE-FIREWALL-Y-ANTIVIRUS-PERIMETRAL.pdf\">ANEXO PLIEGO MANTENIMIENTO DE FIREWALL Y ANTIVIRUS PERIMETRAL<\/a><\/p>\n<p>23\/12\/2019 <a href=\"https:\/\/contratacion.almunecar.es\/wp-content\/uploads\/2019\/12\/20191122_Informe_Informe_PLIEGO-DE-CLAUSULAS-ADMINISTRATIVAS-FIREWALL-Y-ANTI.pdf\">PLIEGO DE CLAUSULAS ADMINISTRATIVAS FIREWALL Y ANTI<\/a><\/p>\n<p>23\/12\/2019 <a href=\"https:\/\/contratacion.almunecar.es\/wp-content\/uploads\/2019\/12\/20191219_Resoluci\u00f3n_Decreto_DECRETO-2019-4171-Resoluci\u00f3n-Alcald\u00eda-aprobaci\u00f3n-pliegos1.pdf\">DECRETO 2019-4171 [Resoluci\u00f3n Alcald\u00eda aprobaci\u00f3n pliegos](1)<\/a><\/p>\n<p>23\/12\/2019 <a href=\"https:\/\/contratacion.almunecar.es\/wp-content\/uploads\/2019\/12\/DOC_CN2019-680814.pdf\">PLACSP &#8211; Anuncio licitaci\u00f3n<\/a><\/p>\n<p>23\/12\/2019 <a href=\"https:\/\/contratacion.almunecar.es\/wp-content\/uploads\/2019\/12\/DOC_CD2019-680872.pdf\">PLACSP &#8211; Documento de los pliegos<\/a><\/p>\n<p>28\/01\/2020 <a href=\"https:\/\/contratacion.almunecar.es\/wp-content\/uploads\/2019\/12\/mesa-enero.pdf\">Mesa Contrataci\u00f3n 31\/01\/2020<\/a><\/p>\n<p>Enlace directo a la licitaci\u00f3n: <a href=\"https:\/\/contrataciondelestado.es\/wps\/poc?uri=deeplink%3Adetalle_licitacion&amp;idEvl=42c96UgcSIKiEJrVRqloyA%3D%3D\">https:\/\/contrataciondelestado.es\/wps\/poc?uri=deeplink%3Adetalle_licitacion&amp;idEvl=42c96UgcSIKiEJrVRqloyA%3D%3D<\/a><\/p>\n<p>12\/02\/2020<a href=\"https:\/\/contratacion.almunecar.es\/wp-content\/uploads\/2019\/12\/adjudicacio-n.pdf\">Acuerdo adjudicaci\u00f3n 12\/02\/2020<\/a><\/p>\n<p>13\/02\/2020 Formalizaci\u00f3n de contrato<\/p>\n","protected":false},"excerpt":{"rendered":"<p>23\/12\/2019 PLIEGO MANTENIMIENTO DE FIREWALL Y ANTIVIRUS PERIMETRAL2 23\/12\/2019 ANEXO PLIEGO MANTENIMIENTO DE FIREWALL Y ANTIVIRUS PERIMETRAL 23\/12\/2019 PLIEGO DE CLAUSULAS ADMINISTRATIVAS FIREWALL Y ANTI 23\/12\/2019 DECRETO 2019-4171 [Resoluci\u00f3n Alcald\u00eda aprobaci\u00f3n pliegos](1) 23\/12\/2019 PLACSP &#8211; Anuncio licitaci\u00f3n 23\/12\/2019 PLACSP &#8211; Documento de los pliegos 28\/01\/2020 Mesa Contrataci\u00f3n 31\/01\/2020 Enlace directo a la licitaci\u00f3n: https:\/\/contrataciondelestado.es\/wps\/poc?uri=deeplink%3Adetalle_licitacion&amp;idEvl=42c96UgcSIKiEJrVRqloyA%3D%3D 12\/02\/2020Acuerdo&hellip; <br \/> <a class=\"button small blue\" href=\"https:\/\/contratacion.almunecar.es\/?p=2491\">Leer m\u00e1s<\/a><\/p>\n","protected":false},"author":5,"featured_media":0,"comment_status":"closed","ping_status":"closed","sticky":false,"template":"","format":"standard","meta":{"_acf_changed":false,"footnotes":""},"categories":[5,3,7,4],"tags":[],"class_list":["post-2491","post","type-post","status-publish","format-standard","hentry","category-adjudicacion_final","category-anuncio","category-formalizacion","category-licitacion"],"acf":[],"_links":{"self":[{"href":"https:\/\/contratacion.almunecar.es\/index.php?rest_route=\/wp\/v2\/posts\/2491","targetHints":{"allow":["GET"]}}],"collection":[{"href":"https:\/\/contratacion.almunecar.es\/index.php?rest_route=\/wp\/v2\/posts"}],"about":[{"href":"https:\/\/contratacion.almunecar.es\/index.php?rest_route=\/wp\/v2\/types\/post"}],"author":[{"embeddable":true,"href":"https:\/\/contratacion.almunecar.es\/index.php?rest_route=\/wp\/v2\/users\/5"}],"replies":[{"embeddable":true,"href":"https:\/\/contratacion.almunecar.es\/index.php?rest_route=%2Fwp%2Fv2%2Fcomments&post=2491"}],"version-history":[{"count":7,"href":"https:\/\/contratacion.almunecar.es\/index.php?rest_route=\/wp\/v2\/posts\/2491\/revisions"}],"predecessor-version":[{"id":2606,"href":"https:\/\/contratacion.almunecar.es\/index.php?rest_route=\/wp\/v2\/posts\/2491\/revisions\/2606"}],"wp:attachment":[{"href":"https:\/\/contratacion.almunecar.es\/index.php?rest_route=%2Fwp%2Fv2%2Fmedia&parent=2491"}],"wp:term":[{"taxonomy":"category","embeddable":true,"href":"https:\/\/contratacion.almunecar.es\/index.php?rest_route=%2Fwp%2Fv2%2Fcategories&post=2491"},{"taxonomy":"post_tag","embeddable":true,"href":"https:\/\/contratacion.almunecar.es\/index.php?rest_route=%2Fwp%2Fv2%2Ftags&post=2491"}],"curies":[{"name":"wp","href":"https:\/\/api.w.org\/{rel}","templated":true}]}}