{"id":2405,"date":"2019-10-09T13:31:55","date_gmt":"2019-10-09T11:31:55","guid":{"rendered":"https:\/\/contratacion.almunecar.es\/?p=2405"},"modified":"2020-12-04T11:48:18","modified_gmt":"2020-12-04T09:48:18","slug":"expte-96-2019-gest-6252-2019-servicio-de-mantenimiento-conservacion-y-mejora-de-parques-y-zonas-verdes-en-el-municipio-de-almunecar","status":"publish","type":"post","link":"https:\/\/contratacion.almunecar.es\/?p=2405","title":{"rendered":"EXPTE 96\/2019 (GEST 6252\/2019): SERVICIO DE MANTENIMIENTO, CONSERVACI\u00d3N Y MEJORA DE PARQUES Y ZONAS VERDES EN EL MUNICIPIO DE ALMU\u00d1\u00c9CAR"},"content":{"rendered":"<p>04\/10\/2019 <a href=\"https:\/\/contratacion.almunecar.es\/wp-content\/uploads\/2019\/10\/PPT.pdf\">PPT<\/a><\/p>\n<p>04\/10\/2019 <a href=\"https:\/\/contratacion.almunecar.es\/wp-content\/uploads\/2019\/10\/PCAP-parques-y-zonas-verdes.pdf\">PCAP parques y zonas verdes<\/a><\/p>\n<p>04\/10\/2019 <a href=\"https:\/\/contratacion.almunecar.es\/wp-content\/uploads\/2019\/10\/MEMORIA-JUSTIFICATIVA.pdf\">MEMORIA JUSTIFICATIVA<\/a><\/p>\n<p>04\/10\/2019 <a href=\"https:\/\/contratacion.almunecar.es\/wp-content\/uploads\/2019\/10\/Anuncio-DOUE.pdf\">Anuncio DOUE<\/a><\/p>\n<p>04\/10\/2019 <a href=\"https:\/\/contratacion.almunecar.es\/wp-content\/uploads\/2019\/10\/PLACSP-Anuncio-Licitaci\u00f3n.pdf\">PLACSP &#8211; Anuncio Licitaci\u00f3n<\/a><\/p>\n<p>04\/10\/2019 <a href=\"https:\/\/contratacion.almunecar.es\/wp-content\/uploads\/2019\/10\/PLACSP-Documento-Pliegos-1.pdf\">PLACSP &#8211; Documento Pliegos<\/a><\/p>\n<p>07\/10\/2019 <a href=\"https:\/\/contratacion.almunecar.es\/wp-content\/uploads\/2019\/10\/Convocatoria-visita-a-las-instalaciones-obligatoria.pdf\">Convocatoria visita a las instalaciones, obligatoria<\/a><\/p>\n<p><strong>Nota aclaratoria:<\/strong> La presentaci\u00f3n de ofertas se realizar\u00e1 de forma electr\u00f3nica a trav\u00e9s de la Herramienta de Preparaci\u00f3n y Presentaci\u00f3n de Ofertas de la Plataforma de Contrataci\u00f3n del Sector P\u00fablico Estatal, SALVO el SOBRE B que debido a sus caracter\u00edsticas se deber\u00e1 presentar en el Registro Oficial de Entrada del Ayuntamiento de Almu\u00f1\u00e9car (en tiempo y forma).<\/p>\n<p><em>Debido al tama\u00f1o de los archivos a adjuntar en el sobre B, el \u00f3rgano de contrataci\u00f3n, de forma excepcional, ha optado porque los licitadores presenten este sobre de forma f\u00edsica y manual (papel y digital) en el Registro de Entrada Oficial del Ayuntamiento de Almu\u00f1\u00e9car sin suponer la exclusi\u00f3n de los licitadores en el procedimiento.<\/em><\/p>\n<p><em>Tal y como se explica en el anuncio de la licitaci\u00f3n, los licitadores deben preparar y presentar los sobres electr\u00f3nicos A y C a trav\u00e9s de la Herramienta de Preparaci\u00f3n y Presentaci\u00f3n de Ofertas que la plataforma pone a disposici\u00f3n. <\/em><br \/>\n<em>El sobre B (papel y USB), deber\u00e1 enviarse CERRADO al registro de entrada del Ayuntamiento de Almu\u00f1\u00e9car acompa\u00f1ado de solicitud de admisi\u00f3n al procedimiento.<\/em><\/p>\n<p><strong><em>Si la Herramienta \u201cPreparaci\u00f3n y presentaci\u00f3n de ofertas\u201d solicita el sobre B, la licitadora puede adjuntar un archivo\/documento haciendo menci\u00f3n al env\u00edo manual y f\u00edsico de este sobre y a la forma de presentaci\u00f3n particular que se ha solicitado para este caso.<\/em><\/strong><\/p>\n<p><em>Tengan en cuenta que no se admitir\u00e1n las proposiciones que se presenten fuera del plazo establecido en el anuncio de licitaci\u00f3n publicado en la Plataforma Estatal de Contrataci\u00f3n (PLACSP), por lo que se recomienda no demorar la presentaci\u00f3n de la oferta. Por tanto, tanto la parte electr\u00f3nica de la licitaci\u00f3n como la manual, deben encontrarse en plazo.<\/em><\/p>\n<p>12\/11\/2019 <a href=\"https:\/\/contratacion.almunecar.es\/wp-content\/uploads\/2019\/10\/Citaci\u00f3n-mesa-de-contrataci\u00f3n.pdf\">Citaci\u00f3n mesa de contrataci\u00f3n<\/a><\/p>\n<p>20\/11\/2019 <a href=\"https:\/\/contratacion.almunecar.es\/wp-content\/uploads\/2019\/10\/acta.pdf\">Acta Mesa de Contrataci\u00f3n 15-11-2019<\/a><\/p>\n<p>03\/02\/2020 <a href=\"https:\/\/contratacion.almunecar.es\/wp-content\/uploads\/2019\/10\/mesa-2020.pdf\">Citaci\u00f3n mesa de contrataci\u00f3n 06\/02\/2020<\/a><\/p>\n<p>11\/02\/2020 <a href=\"https:\/\/contratacion.almunecar.es\/wp-content\/uploads\/2019\/10\/amc.pdf\">Acta mesa de contrataci\u00f3n <\/a><\/p>\n<p>12\/02\/2020 <a href=\"https:\/\/contratacion.almunecar.es\/wp-content\/uploads\/2019\/10\/mess.pdf\">Citaci\u00f3n mesa de contrataci\u00f3n<\/a><\/p>\n<p>17\/02\/2020 <a href=\"https:\/\/contratacion.almunecar.es\/wp-content\/uploads\/2019\/10\/acta-corregida.pdf\">Acta mesa de contrataci\u00f3n<\/a><\/p>\n<p>24\/02\/2020 <a href=\"https:\/\/contratacion.almunecar.es\/wp-content\/uploads\/2019\/10\/exclusion.pdf\">AJGL exclusion<\/a><\/p>\n<p>24\/02\/2020 <a href=\"https:\/\/contratacion.almunecar.es\/wp-content\/uploads\/2019\/10\/suspension-tribunal.pdf\">suspension tribunal<\/a><\/p>\n<p>17\/06\/2020 <a href=\"https:\/\/contratacion.almunecar.es\/wp-content\/uploads\/2019\/10\/20200617_Tribunal-Administrativo-de-Contrataci\u00f3n-P\u00fablica-de-la-Diputaci\u00f3n-Provincial-de-Granada_-Notificaci\u00f3n-resoluci\u00f3n-6-2020-de-8-de-junio.pdf\">Tribunal Administrativo de Contrataci\u00f3n P\u00fablica de la Diputaci\u00f3n Provincial de Granada_ Notificaci\u00f3n resoluci\u00f3n 6-2020, de 8 de junio<\/a><\/p>\n<p>19\/06\/2020 <a href=\"https:\/\/contratacion.almunecar.es\/wp-content\/uploads\/2020\/05\/Mesa-23062020.pdf\">Citaci\u00f3n Mesa de Contrataci\u00f3n 23 junio 2020<\/a><\/p>\n<p>25\/06\/2020 <a href=\"https:\/\/contratacion.almunecar.es\/wp-content\/uploads\/2019\/10\/acta-23062020.pdf\">Acta mesa de contratacion 23062020<\/a><\/p>\n<p>20\/07\/2020 <a href=\"https:\/\/contratacion.almunecar.es\/wp-content\/uploads\/2019\/10\/20200717_Comunicaci\u00f3n_Convocatoria_CITACION-MESA-DE-CONTRATACION-2020-07-22-1.pdf\">CITACION MESA DE CONTRATACION 2020-07-22<\/a><\/p>\n<p>27\/07\/2020 <a href=\"https:\/\/contratacion.almunecar.es\/wp-content\/uploads\/2019\/10\/Acta-Mesa.pdf\">Acta Mesa de contrataci\u00f3n 22 julio 2020<\/a><\/p>\n<p>07\/08\/2020 <a href=\"https:\/\/contratacion.almunecar.es\/wp-content\/uploads\/2019\/10\/Notificacion-Requerimiento-de-Documentacion-a-Gydesur.pdf\">Notificaci\u00f3n Requerimiento de Documentaci\u00f3n a Gydesur<\/a><\/p>\n<p>03\/09\/2020 <a href=\"https:\/\/contratacion.almunecar.es\/wp-content\/uploads\/2019\/10\/CERTIFICAGOBIERNO-Ord-12-Adj-Serv-Mantenimieno-Zonas-Verdes.pdf\">CERTIFICAGOBIERNO Ord 12 Adjudicaci\u00f3n Serv Mantenimieno Zonas Verdes<\/a><\/p>\n<p>29\/09\/2020 <a href=\"https:\/\/contratacion.almunecar.es\/wp-content\/uploads\/2019\/10\/RECA.pdf\">Suspensi\u00f3n del procedimiento por la interposici\u00f3n de RECA<\/a><\/p>\n<p>06\/11\/2020 <a href=\"https:\/\/contratacion.almunecar.es\/wp-content\/uploads\/2019\/10\/Resolucion-TACP-Diputacion-Granada.pdf\">Resolucion TACP Diputacion Granada<\/a><\/p>\n<p>04\/12\/2020 <a href=\"https:\/\/contratacion.almunecar.es\/wp-content\/uploads\/2019\/10\/2020-OJS237-585577-es.pdf\">Anuncio Formalizaci\u00f3n DOUE<\/a><\/p>\n<p>04\/12\/2020 <a href=\"https:\/\/contratacion.almunecar.es\/wp-content\/uploads\/2019\/10\/DOC_FORM2020-430514.pdf\">PLACSP &#8211; Anuncio de Formalizaci\u00f3n<\/a><\/p>\n","protected":false},"excerpt":{"rendered":"<p>04\/10\/2019 PPT 04\/10\/2019 PCAP parques y zonas verdes 04\/10\/2019 MEMORIA JUSTIFICATIVA 04\/10\/2019 Anuncio DOUE 04\/10\/2019 PLACSP &#8211; Anuncio Licitaci\u00f3n 04\/10\/2019 PLACSP &#8211; Documento Pliegos 07\/10\/2019 Convocatoria visita a las instalaciones, obligatoria Nota aclaratoria: La presentaci\u00f3n de ofertas se realizar\u00e1 de forma electr\u00f3nica a trav\u00e9s de la Herramienta de Preparaci\u00f3n y Presentaci\u00f3n de Ofertas de la&hellip; <br \/> <a class=\"button small blue\" href=\"https:\/\/contratacion.almunecar.es\/?p=2405\">Leer m\u00e1s<\/a><\/p>\n","protected":false},"author":5,"featured_media":0,"comment_status":"closed","ping_status":"closed","sticky":false,"template":"","format":"standard","meta":{"_acf_changed":false,"footnotes":""},"categories":[5,3,7,4],"tags":[],"class_list":["post-2405","post","type-post","status-publish","format-standard","hentry","category-adjudicacion_final","category-anuncio","category-formalizacion","category-licitacion"],"acf":[],"_links":{"self":[{"href":"https:\/\/contratacion.almunecar.es\/index.php?rest_route=\/wp\/v2\/posts\/2405","targetHints":{"allow":["GET"]}}],"collection":[{"href":"https:\/\/contratacion.almunecar.es\/index.php?rest_route=\/wp\/v2\/posts"}],"about":[{"href":"https:\/\/contratacion.almunecar.es\/index.php?rest_route=\/wp\/v2\/types\/post"}],"author":[{"embeddable":true,"href":"https:\/\/contratacion.almunecar.es\/index.php?rest_route=\/wp\/v2\/users\/5"}],"replies":[{"embeddable":true,"href":"https:\/\/contratacion.almunecar.es\/index.php?rest_route=%2Fwp%2Fv2%2Fcomments&post=2405"}],"version-history":[{"count":25,"href":"https:\/\/contratacion.almunecar.es\/index.php?rest_route=\/wp\/v2\/posts\/2405\/revisions"}],"predecessor-version":[{"id":3328,"href":"https:\/\/contratacion.almunecar.es\/index.php?rest_route=\/wp\/v2\/posts\/2405\/revisions\/3328"}],"wp:attachment":[{"href":"https:\/\/contratacion.almunecar.es\/index.php?rest_route=%2Fwp%2Fv2%2Fmedia&parent=2405"}],"wp:term":[{"taxonomy":"category","embeddable":true,"href":"https:\/\/contratacion.almunecar.es\/index.php?rest_route=%2Fwp%2Fv2%2Fcategories&post=2405"},{"taxonomy":"post_tag","embeddable":true,"href":"https:\/\/contratacion.almunecar.es\/index.php?rest_route=%2Fwp%2Fv2%2Ftags&post=2405"}],"curies":[{"name":"wp","href":"https:\/\/api.w.org\/{rel}","templated":true}]}}