{"id":2390,"date":"2019-09-25T14:32:14","date_gmt":"2019-09-25T12:32:14","guid":{"rendered":"https:\/\/contratacion.almunecar.es\/?p=2390"},"modified":"2019-09-25T14:34:13","modified_gmt":"2019-09-25T12:34:13","slug":"expte-97-2019-gest-6403-2019-obras-para-realizar-un-parque-canino-en-jardines-de-alhucemas","status":"publish","type":"post","link":"https:\/\/contratacion.almunecar.es\/?p=2390","title":{"rendered":"EXPTE 97\/2019 (GEST 6403\/2019): Obras para realizar un parque canino en Jardines de Alhucemas"},"content":{"rendered":"<p>Se deber\u00e1 indicar direcci\u00f3n de <strong>correo electr\u00f3nico<\/strong> a efectos de notificaciones en las ofertas.<\/p>\n<p>Sede Electr\u00f3nica: https:\/\/almunecar.sedelectronica.es\/info.1<\/p>\n<p>25\/09\/2019 <a href=\"https:\/\/contratacion.almunecar.es\/wp-content\/uploads\/2019\/09\/20190808_Otros_Memoria-t\u00e9cnica_MEMORIA-PARQUE-CANINO-ALHUCEMAS.pdf\">MEMORIA-PARQUE CANINO ALHUCEMAS<\/a><\/p>\n<p>25\/09\/2019 <a href=\"https:\/\/contratacion.almunecar.es\/wp-content\/uploads\/2019\/09\/20190925_0001-PARQUE-CANINO-JARDINES-ALHUCEMAS.pdf\">PARQUE CANINO JARDINES ALHUCEMAS<\/a><\/p>\n<p>25\/09\/2019 <a href=\"https:\/\/contratacion.almunecar.es\/wp-content\/uploads\/2019\/09\/20190808_Informe_Informe_Propuesta-de-gasto-y-necesidad-PARQUE-CANINO-ALHUCEMAS.pdf\">Propuesta de gasto y necesidad PARQUE CANINO ALHUCEMAS<\/a><\/p>\n","protected":false},"excerpt":{"rendered":"<p>Se deber\u00e1 indicar direcci\u00f3n de correo electr\u00f3nico a efectos de notificaciones en las ofertas. Sede Electr\u00f3nica: https:\/\/almunecar.sedelectronica.es\/info.1 25\/09\/2019 MEMORIA-PARQUE CANINO ALHUCEMAS 25\/09\/2019 PARQUE CANINO JARDINES ALHUCEMAS 25\/09\/2019 Propuesta de gasto y necesidad PARQUE CANINO ALHUCEMAS<\/p>\n","protected":false},"author":5,"featured_media":0,"comment_status":"closed","ping_status":"closed","sticky":false,"template":"","format":"standard","meta":{"_acf_changed":false,"footnotes":""},"categories":[10],"tags":[],"class_list":["post-2390","post","type-post","status-publish","format-standard","hentry","category-menores"],"acf":[],"_links":{"self":[{"href":"https:\/\/contratacion.almunecar.es\/index.php?rest_route=\/wp\/v2\/posts\/2390","targetHints":{"allow":["GET"]}}],"collection":[{"href":"https:\/\/contratacion.almunecar.es\/index.php?rest_route=\/wp\/v2\/posts"}],"about":[{"href":"https:\/\/contratacion.almunecar.es\/index.php?rest_route=\/wp\/v2\/types\/post"}],"author":[{"embeddable":true,"href":"https:\/\/contratacion.almunecar.es\/index.php?rest_route=\/wp\/v2\/users\/5"}],"replies":[{"embeddable":true,"href":"https:\/\/contratacion.almunecar.es\/index.php?rest_route=%2Fwp%2Fv2%2Fcomments&post=2390"}],"version-history":[{"count":3,"href":"https:\/\/contratacion.almunecar.es\/index.php?rest_route=\/wp\/v2\/posts\/2390\/revisions"}],"predecessor-version":[{"id":2396,"href":"https:\/\/contratacion.almunecar.es\/index.php?rest_route=\/wp\/v2\/posts\/2390\/revisions\/2396"}],"wp:attachment":[{"href":"https:\/\/contratacion.almunecar.es\/index.php?rest_route=%2Fwp%2Fv2%2Fmedia&parent=2390"}],"wp:term":[{"taxonomy":"category","embeddable":true,"href":"https:\/\/contratacion.almunecar.es\/index.php?rest_route=%2Fwp%2Fv2%2Fcategories&post=2390"},{"taxonomy":"post_tag","embeddable":true,"href":"https:\/\/contratacion.almunecar.es\/index.php?rest_route=%2Fwp%2Fv2%2Ftags&post=2390"}],"curies":[{"name":"wp","href":"https:\/\/api.w.org\/{rel}","templated":true}]}}