{"id":2299,"date":"2019-06-21T12:53:04","date_gmt":"2019-06-21T10:53:04","guid":{"rendered":"https:\/\/contratacion.almunecar.es\/?p=2299"},"modified":"2019-06-21T12:53:04","modified_gmt":"2019-06-21T10:53:04","slug":"expte-86-2019-gest-4683-2019-reforma-en-los-aseos-de-infantil-y-ampliacion-del-comedor-del-colegio-publico-de-san-miguel","status":"publish","type":"post","link":"https:\/\/contratacion.almunecar.es\/?p=2299","title":{"rendered":"EXPTE 86\/2019 (GEST 4683\/2019): REFORMA EN LOS ASEOS DE INFANTIL Y AMPLIACI\u00d3N DEL COMEDOR DEL COLEGIO P\u00daBLICO DE SAN MIGUEL"},"content":{"rendered":"<p>21\/06\/2019<a href=\"https:\/\/contratacion.almunecar.es\/wp-content\/uploads\/2019\/06\/INFORME-NECESIDAD-REFORMAS-EN-CP-SAN-MIGUEL.pdf\">INFORME NECESIDAD REFORMAS EN CP SAN MIGUEL<\/a><\/p>\n<p>21\/06\/2019<a href=\"https:\/\/contratacion.almunecar.es\/wp-content\/uploads\/2019\/06\/Memoria-Reforma-Aseos-Infantil-y-ampliacion-comedor-Colegio-san-Mi.pdf\">Memoria Reforma Aseos Infantil y ampliacion comedor Colegio san Mi<\/a><\/p>\n<p>21\/06\/2019<a href=\"https:\/\/contratacion.almunecar.es\/wp-content\/uploads\/2019\/06\/01Situacion-terminoJUNIO-2019.pdf\">01Situacion terminoJUNIO 2019<\/a><\/p>\n<p>21\/06\/2019<a href=\"https:\/\/contratacion.almunecar.es\/wp-content\/uploads\/2019\/06\/02EmplazamientoJUNIO-2019.pdf\">02EmplazamientoJUNIO 2019<\/a><\/p>\n<p>21\/06\/2019<a href=\"https:\/\/contratacion.almunecar.es\/wp-content\/uploads\/2019\/06\/031Planta-Baja-Estado-actualJUNIO-2019-1.pdf\">031Planta Baja &#8211; Estado actualJUNIO 2019<\/a><\/p>\n<p>21\/06\/2019<a href=\"https:\/\/contratacion.almunecar.es\/wp-content\/uploads\/2019\/06\/032Planta-Baja-Estado-actualJUNIO-2019.pdf\">032Planta Baja &#8211; Estado actualJUNIO 2019<\/a><\/p>\n<p>21\/06\/2019<a href=\"https:\/\/contratacion.almunecar.es\/wp-content\/uploads\/2019\/06\/041Planta-Baja-Estado-ReformadoJUNIO-2019.pdf\">041Planta Baja &#8211; Estado ReformadoJUNIO 2019<\/a><\/p>\n<p>21\/06\/2019<a href=\"https:\/\/contratacion.almunecar.es\/wp-content\/uploads\/2019\/06\/042Planta-Baja-Estado-ReformadoJUNIO-2019.pdf\">042Planta Baja &#8211; Estado ReformadoJUNIO 2019<\/a><\/p>\n<p>21\/06\/2019<a href=\"https:\/\/contratacion.almunecar.es\/wp-content\/uploads\/2019\/06\/051Planta-Baja-Instalacion-ElectricidadJUNIO-2019.pdf\">051Planta Baja &#8211; Instalacion ElectricidadJUNIO 2019<\/a><\/p>\n<p>21\/06\/2019<a href=\"https:\/\/contratacion.almunecar.es\/wp-content\/uploads\/2019\/06\/052Planta-Baja-Instalacion-ElectricidadJUNIO-2019.pdf\">052Planta Baja &#8211; Instalacion ElectricidadJUNIO 2019<\/a><\/p>\n<p>21\/06\/2019<a href=\"https:\/\/contratacion.almunecar.es\/wp-content\/uploads\/2019\/06\/06Planta-Baja-Instalacion-FontaneriaJUNIO-2019.pdf\">06Planta Baja &#8211; Instalacion FontaneriaJUNIO 2019<\/a><\/p>\n<p>Para m\u00e1s informaci\u00f3n puede llamar al tel\u00e9fono: 958 83 86 00<\/p>\n","protected":false},"excerpt":{"rendered":"<p>21\/06\/2019INFORME NECESIDAD REFORMAS EN CP SAN MIGUEL 21\/06\/2019Memoria Reforma Aseos Infantil y ampliacion comedor Colegio san Mi 21\/06\/201901Situacion terminoJUNIO 2019 21\/06\/201902EmplazamientoJUNIO 2019 21\/06\/2019031Planta Baja &#8211; Estado actualJUNIO 2019 21\/06\/2019032Planta Baja &#8211; Estado actualJUNIO 2019 21\/06\/2019041Planta Baja &#8211; Estado ReformadoJUNIO 2019 21\/06\/2019042Planta Baja &#8211; Estado ReformadoJUNIO 2019 21\/06\/2019051Planta Baja &#8211; Instalacion ElectricidadJUNIO 2019 21\/06\/2019052Planta Baja &#8211;&hellip; <br \/> <a class=\"button small blue\" href=\"https:\/\/contratacion.almunecar.es\/?p=2299\">Leer m\u00e1s<\/a><\/p>\n","protected":false},"author":5,"featured_media":0,"comment_status":"closed","ping_status":"closed","sticky":false,"template":"","format":"standard","meta":{"_acf_changed":false,"footnotes":""},"categories":[10],"tags":[],"class_list":["post-2299","post","type-post","status-publish","format-standard","hentry","category-menores"],"acf":[],"_links":{"self":[{"href":"https:\/\/contratacion.almunecar.es\/index.php?rest_route=\/wp\/v2\/posts\/2299","targetHints":{"allow":["GET"]}}],"collection":[{"href":"https:\/\/contratacion.almunecar.es\/index.php?rest_route=\/wp\/v2\/posts"}],"about":[{"href":"https:\/\/contratacion.almunecar.es\/index.php?rest_route=\/wp\/v2\/types\/post"}],"author":[{"embeddable":true,"href":"https:\/\/contratacion.almunecar.es\/index.php?rest_route=\/wp\/v2\/users\/5"}],"replies":[{"embeddable":true,"href":"https:\/\/contratacion.almunecar.es\/index.php?rest_route=%2Fwp%2Fv2%2Fcomments&post=2299"}],"version-history":[{"count":5,"href":"https:\/\/contratacion.almunecar.es\/index.php?rest_route=\/wp\/v2\/posts\/2299\/revisions"}],"predecessor-version":[{"id":2316,"href":"https:\/\/contratacion.almunecar.es\/index.php?rest_route=\/wp\/v2\/posts\/2299\/revisions\/2316"}],"wp:attachment":[{"href":"https:\/\/contratacion.almunecar.es\/index.php?rest_route=%2Fwp%2Fv2%2Fmedia&parent=2299"}],"wp:term":[{"taxonomy":"category","embeddable":true,"href":"https:\/\/contratacion.almunecar.es\/index.php?rest_route=%2Fwp%2Fv2%2Fcategories&post=2299"},{"taxonomy":"post_tag","embeddable":true,"href":"https:\/\/contratacion.almunecar.es\/index.php?rest_route=%2Fwp%2Fv2%2Ftags&post=2299"}],"curies":[{"name":"wp","href":"https:\/\/api.w.org\/{rel}","templated":true}]}}