{"id":2288,"date":"2019-06-21T09:22:01","date_gmt":"2019-06-21T07:22:01","guid":{"rendered":"https:\/\/contratacion.almunecar.es\/?p=2288"},"modified":"2019-06-21T09:22:02","modified_gmt":"2019-06-21T07:22:02","slug":"expte-78-2019-gest-3975-2019-contratacion-del-servicio-de-sonido-iluminacion-backline-y-personal-tecnico-para-el-xxxii-festival-de-jazz-en-la-costa","status":"publish","type":"post","link":"https:\/\/contratacion.almunecar.es\/?p=2288","title":{"rendered":"EXPTE. 78\/2019 (GEST. 3975\/2019): CONTRATACI\u00d3N DEL SERVICIO DE SONIDO, ILUMINACI\u00d3N, BACKLINE Y PERSONAL T\u00c9CNICO PARA EL XXXII FESTIVAL DE JAZZ EN LA COSTA"},"content":{"rendered":"\n<div class=\"wp-block-file\"><a href=\"https:\/\/contratacion.almunecar.es\/wp-content\/uploads\/2019\/06\/INFORME-DE-NECESIDAD-DE-MEDIOS-Y-PERSONAL-TECNICO-PARA-JAZZ-EN-LA-COSTA.pdf\">INFORME-DE-NECESIDAD-DE-MEDIOS-Y-PERSONAL-TECNICO-PARA-JAZZ-EN-LA-COSTA<\/a><a href=\"https:\/\/contratacion.almunecar.es\/wp-content\/uploads\/2019\/06\/INFORME-DE-NECESIDAD-DE-MEDIOS-Y-PERSONAL-TECNICO-PARA-JAZZ-EN-LA-COSTA.pdf\" class=\"wp-block-file__button\" download>Descarga<\/a><\/div>\n","protected":false},"excerpt":{"rendered":"","protected":false},"author":5,"featured_media":0,"comment_status":"closed","ping_status":"closed","sticky":false,"template":"","format":"standard","meta":{"_acf_changed":false,"footnotes":""},"categories":[10],"tags":[],"class_list":["post-2288","post","type-post","status-publish","format-standard","hentry","category-menores"],"acf":[],"_links":{"self":[{"href":"https:\/\/contratacion.almunecar.es\/index.php?rest_route=\/wp\/v2\/posts\/2288","targetHints":{"allow":["GET"]}}],"collection":[{"href":"https:\/\/contratacion.almunecar.es\/index.php?rest_route=\/wp\/v2\/posts"}],"about":[{"href":"https:\/\/contratacion.almunecar.es\/index.php?rest_route=\/wp\/v2\/types\/post"}],"author":[{"embeddable":true,"href":"https:\/\/contratacion.almunecar.es\/index.php?rest_route=\/wp\/v2\/users\/5"}],"replies":[{"embeddable":true,"href":"https:\/\/contratacion.almunecar.es\/index.php?rest_route=%2Fwp%2Fv2%2Fcomments&post=2288"}],"version-history":[{"count":4,"href":"https:\/\/contratacion.almunecar.es\/index.php?rest_route=\/wp\/v2\/posts\/2288\/revisions"}],"predecessor-version":[{"id":2293,"href":"https:\/\/contratacion.almunecar.es\/index.php?rest_route=\/wp\/v2\/posts\/2288\/revisions\/2293"}],"wp:attachment":[{"href":"https:\/\/contratacion.almunecar.es\/index.php?rest_route=%2Fwp%2Fv2%2Fmedia&parent=2288"}],"wp:term":[{"taxonomy":"category","embeddable":true,"href":"https:\/\/contratacion.almunecar.es\/index.php?rest_route=%2Fwp%2Fv2%2Fcategories&post=2288"},{"taxonomy":"post_tag","embeddable":true,"href":"https:\/\/contratacion.almunecar.es\/index.php?rest_route=%2Fwp%2Fv2%2Ftags&post=2288"}],"curies":[{"name":"wp","href":"https:\/\/api.w.org\/{rel}","templated":true}]}}