{"id":2245,"date":"2019-06-10T12:29:11","date_gmt":"2019-06-10T10:29:11","guid":{"rendered":"https:\/\/contratacion.almunecar.es\/?p=2245"},"modified":"2020-06-04T10:36:24","modified_gmt":"2020-06-04T08:36:24","slug":"expte-47-2019-gest-3568-2019-servicio-de-maquinaria-cualificada-de-transportes-para-la-ejecucion-de-los-trabajos-de-mantenimiento-conservacion-y-mejora-de-espacios-publicos-y-caminos-en-almunecar","status":"publish","type":"post","link":"https:\/\/contratacion.almunecar.es\/?p=2245","title":{"rendered":"EXPTE. 47\/2019 (GEST 3568\/2019): SERVICIO DE MAQUINARIA CUALIFICADA DE TRANSPORTES PARA LA EJECUCI\u00d3N DE LOS TRABAJOS DE MANTENIMIENTO, CONSERVACI\u00d3N Y MEJORA DE ESPACIOS P\u00daBLICOS Y CAMINOS EN ALMU\u00d1\u00c9CAR"},"content":{"rendered":"\r\n<div class=\"wp-block-file\"><a href=\"https:\/\/contratacion.almunecar.es\/wp-content\/uploads\/2019\/06\/PPT-.pdf\">PPT-<\/a><a class=\"wp-block-file__button\" href=\"https:\/\/contratacion.almunecar.es\/wp-content\/uploads\/2019\/06\/PPT-.pdf\" download=\"\">Descarga<\/a><\/div>\r\n\r\n\r\n\r\n<div class=\"wp-block-file\"><a href=\"https:\/\/contratacion.almunecar.es\/wp-content\/uploads\/2019\/06\/20190606_Acuerdo_Acuerdo-de-Junta-de-Gobierno_CERTIFICAGOBIERNO-Ord.-16\u00ba-Exp.-3568_2019-Veh\u00edculos-Transporte..pdf\">Acuerdo Aprobaci\u00f3n de los Pliegos<\/a><a class=\"wp-block-file__button\" href=\"https:\/\/contratacion.almunecar.es\/wp-content\/uploads\/2019\/06\/20190606_Acuerdo_Acuerdo-de-Junta-de-Gobierno_CERTIFICAGOBIERNO-Ord.-16\u00ba-Exp.-3568_2019-Veh\u00edculos-Transporte..pdf\" download=\"\">Descarga<\/a><\/div>\r\n\r\n\r\n\r\n<p style=\"text-align: left;\">Para m\u00e1s informaci\u00f3n: <a href=\"http:\/\/ https:\/\/contrataciondelestado.es\/wps\/poc?uri=deeplink:detalle_licitacion&amp;idEvl=c16kpbdH60SXQV0WE7lYPw%3D%3D\t\">https:\/\/contrataciondelestado.es\/wps\/poc?uri=deeplink:detalle_licitacion&amp;idEvl=c16kpbdH60SXQV0WE7lYPw%3D%3D <\/a><\/p>\r\n\r\n\r\n\r\n<div class=\"wp-block-file\"><a href=\"https:\/\/contratacion.almunecar.es\/wp-content\/uploads\/2019\/06\/Decreto.pdf\">Decreto rectificaci\u00f3n criterios de valoraci\u00f3n y plazo de presentaci\u00f3n de las ofertas<\/a><a class=\"wp-block-file__button\" href=\"https:\/\/contratacion.almunecar.es\/wp-content\/uploads\/2019\/06\/Decreto.pdf\" download=\"\">Descarga<\/a><\/div>\r\n\r\n\r\n\r\n<div class=\"wp-block-file\"><a href=\"https:\/\/contratacion.almunecar.es\/wp-content\/uploads\/2019\/06\/PCAP-2.pdf\">PCAP-2<\/a><a class=\"wp-block-file__button\" href=\"https:\/\/contratacion.almunecar.es\/wp-content\/uploads\/2019\/06\/PCAP-2.pdf\" download=\"\">Descarga<\/a><\/div>\r\n<div>11\/07\/2019 <a href=\"https:\/\/contratacion.almunecar.es\/wp-content\/uploads\/2019\/05\/Mesa-de-contratacion-16072019.pdf\">Mesa de contratacion 16072019<\/a><\/div>\r\n<div>28\/01\/2020 <a href=\"https:\/\/contratacion.almunecar.es\/wp-content\/uploads\/2019\/06\/mesa-enero.pdf\">Mesa de contrataci\u00f3n 31\/01\/2020<\/a><\/div>\r\n<div>07\/02\/2020 <a href=\"https:\/\/contratacion.almunecar.es\/wp-content\/uploads\/2019\/06\/20200206_Acuerdo_CERTIFICAGOBIERNO-Ord.-5\u00ba-Documentaci\u00f3n-Maquinaria..pdf\">Requerimiento de documentaci\u00f3n<\/a><\/div>\r\n<div>03\/03\/2020 <a href=\"https:\/\/contratacion.almunecar.es\/wp-content\/uploads\/2019\/06\/adj.pdf\">Adjudicaci\u00f3n<\/a><\/div>\r\n<div>\u00a0<\/div>\r\n<div>Reanudaci\u00f3n de plazos administrativos: Apartado D\u00e9cimo de la Resoluci\u00f3n de 20 de mayo de 2020, del Congreso de los Diputados, por la que se ordena la publicaci\u00f3n del Acuerdo de autorizaci\u00f3n de la pr\u00f3rroga del estado de alarma declarado por el Real Decreto 463\/2020, de 14 de marzo.<\/div>\r\n<div>\u00a0<\/div>\r\n<div>01\/06\/2020 <a href=\"https:\/\/contratacion.almunecar.es\/wp-content\/uploads\/2019\/06\/DOC_FORM2020-003054.pdf\">Formalizaci\u00f3n<\/a><\/div>\r\n","protected":false},"excerpt":{"rendered":"<p>Para m\u00e1s informaci\u00f3n: https:\/\/contrataciondelestado.es\/wps\/poc?uri=deeplink:detalle_licitacion&amp;idEvl=c16kpbdH60SXQV0WE7lYPw%3D%3D<\/p>\n","protected":false},"author":5,"featured_media":0,"comment_status":"closed","ping_status":"closed","sticky":false,"template":"","format":"standard","meta":{"_acf_changed":false,"footnotes":""},"categories":[5,7,4],"tags":[],"class_list":["post-2245","post","type-post","status-publish","format-standard","hentry","category-adjudicacion_final","category-formalizacion","category-licitacion"],"acf":[],"_links":{"self":[{"href":"https:\/\/contratacion.almunecar.es\/index.php?rest_route=\/wp\/v2\/posts\/2245","targetHints":{"allow":["GET"]}}],"collection":[{"href":"https:\/\/contratacion.almunecar.es\/index.php?rest_route=\/wp\/v2\/posts"}],"about":[{"href":"https:\/\/contratacion.almunecar.es\/index.php?rest_route=\/wp\/v2\/types\/post"}],"author":[{"embeddable":true,"href":"https:\/\/contratacion.almunecar.es\/index.php?rest_route=\/wp\/v2\/users\/5"}],"replies":[{"embeddable":true,"href":"https:\/\/contratacion.almunecar.es\/index.php?rest_route=%2Fwp%2Fv2%2Fcomments&post=2245"}],"version-history":[{"count":21,"href":"https:\/\/contratacion.almunecar.es\/index.php?rest_route=\/wp\/v2\/posts\/2245\/revisions"}],"predecessor-version":[{"id":2830,"href":"https:\/\/contratacion.almunecar.es\/index.php?rest_route=\/wp\/v2\/posts\/2245\/revisions\/2830"}],"wp:attachment":[{"href":"https:\/\/contratacion.almunecar.es\/index.php?rest_route=%2Fwp%2Fv2%2Fmedia&parent=2245"}],"wp:term":[{"taxonomy":"category","embeddable":true,"href":"https:\/\/contratacion.almunecar.es\/index.php?rest_route=%2Fwp%2Fv2%2Fcategories&post=2245"},{"taxonomy":"post_tag","embeddable":true,"href":"https:\/\/contratacion.almunecar.es\/index.php?rest_route=%2Fwp%2Fv2%2Ftags&post=2245"}],"curies":[{"name":"wp","href":"https:\/\/api.w.org\/{rel}","templated":true}]}}