{"id":2120,"date":"2019-05-10T11:09:51","date_gmt":"2019-05-10T09:09:51","guid":{"rendered":"http:\/\/contratacion.almunecar.es\/?p=2120"},"modified":"2019-06-06T12:44:33","modified_gmt":"2019-06-06T10:44:33","slug":"expte-39-2019-gest-1577-2019-servicio-de-mantenimiento-conservacion-y-mejora-de-parques-y-zonas-verdes-del-municipio-de-almunecar","status":"publish","type":"post","link":"https:\/\/contratacion.almunecar.es\/?p=2120","title":{"rendered":"EXPTE 39\/2019 (GEST 1577\/2019): SERVICIO DE MANTENIMIENTO, CONSERVACI\u00d3N Y MEJORA DE PARQUES Y ZONAS VERDES DEL MUNICIPIO DE ALMU\u00d1\u00c9CAR"},"content":{"rendered":"<p>10\/05\/2019 <a href=\"http:\/\/contratacion.almunecar.es\/wp-content\/uploads\/2019\/05\/ANEXO-I-PPT.xlsx\">ANEXO I PPT<\/a><\/p>\n<p>10\/05\/2019 <a href=\"http:\/\/contratacion.almunecar.es\/wp-content\/uploads\/2019\/05\/ANEXO-II-PPT.pdf\">ANEXO II PPT<\/a><\/p>\n<p>10\/05\/2019 <a href=\"http:\/\/contratacion.almunecar.es\/wp-content\/uploads\/2019\/05\/20190416_ANEXO-III.-VIVERO-MUNICIPAL.odt\">ANEXO III. VIVERO MUNICIPAL<\/a><\/p>\n<p>10\/05\/2019 <a href=\"http:\/\/contratacion.almunecar.es\/wp-content\/uploads\/2019\/05\/MEMORIA-JUSTIFICATIVA-DEL-SERVICIO-DE-JARDINER\u00cdA.pdf\">MEMORIA JUSTIFICATIVA DEL SERVICIO DE JARDINER\u00cdA<\/a><\/p>\n<p>10\/05\/2019 <a href=\"http:\/\/contratacion.almunecar.es\/wp-content\/uploads\/2019\/05\/PLIEGO-DE-PRESCRIPCIONES-T\u00c9CNICAS.pdf\">PLIEGO DE PRESCRIPCIONES T\u00c9CNICAS<\/a><\/p>\n<p>10\/05\/2019 <a href=\"http:\/\/contratacion.almunecar.es\/wp-content\/uploads\/2019\/05\/PLIEGO-DE-CL\u00c1USULAS-ADMINISTRATIVAS-PARTICULARES.pdf\">PLIEGO DE CL\u00c1USULAS ADMINISTRATIVAS PARTICULARES<\/a><\/p>\n<p>10\/05\/2019 <a href=\"http:\/\/contratacion.almunecar.es\/wp-content\/uploads\/2019\/05\/CERTIFICACI\u00d3N-AJGL-aprobaci\u00f3n-del-expediente-y-los-pliegos.pdf\">CERTIFICACI\u00d3N AJGL aprobaci\u00f3n del expediente y los pliegos<\/a><\/p>\n<p>10\/05\/2019 <a href=\"http:\/\/contratacion.almunecar.es\/wp-content\/uploads\/2019\/05\/Visita-instalaciones-vivero-municipal.pdf\">Visita instalaciones vivero municipal<\/a><\/p>\n<p>10\/05\/2019 <a href=\"http:\/\/contratacion.almunecar.es\/wp-content\/uploads\/2019\/05\/Anuncio-licitaci\u00f3n-Plataforma-de-Contrataci\u00f3n.pdf\">Anuncio licitaci\u00f3n Plataforma de Contrataci\u00f3n<\/a><\/p>\n<p>17\/05\/2019<a href=\"http:\/\/contratacion.almunecar.es\/wp-content\/uploads\/2019\/05\/Informe_INFORME-FORMATO-DIGITAL.pdf\">Informe_INFORME FORMATO DIGITAL<\/a><\/p>\n<p>06\/06\/2019<a href=\"https:\/\/contratacion.almunecar.es\/wp-content\/uploads\/2019\/05\/AJGL-20190605-Desistimiento.pdf\">AJGL 20190605 Desistimiento<\/a><\/p>\n","protected":false},"excerpt":{"rendered":"<p>10\/05\/2019 ANEXO I PPT 10\/05\/2019 ANEXO II PPT 10\/05\/2019 ANEXO III. VIVERO MUNICIPAL 10\/05\/2019 MEMORIA JUSTIFICATIVA DEL SERVICIO DE JARDINER\u00cdA 10\/05\/2019 PLIEGO DE PRESCRIPCIONES T\u00c9CNICAS 10\/05\/2019 PLIEGO DE CL\u00c1USULAS ADMINISTRATIVAS PARTICULARES 10\/05\/2019 CERTIFICACI\u00d3N AJGL aprobaci\u00f3n del expediente y los pliegos 10\/05\/2019 Visita instalaciones vivero municipal 10\/05\/2019 Anuncio licitaci\u00f3n Plataforma de Contrataci\u00f3n 17\/05\/2019Informe_INFORME FORMATO DIGITAL 06\/06\/2019AJGL&hellip; <br \/> <a class=\"button small blue\" href=\"https:\/\/contratacion.almunecar.es\/?p=2120\">Leer m\u00e1s<\/a><\/p>\n","protected":false},"author":2,"featured_media":0,"comment_status":"closed","ping_status":"closed","sticky":false,"template":"","format":"standard","meta":{"_acf_changed":false,"footnotes":""},"categories":[3,15,4],"tags":[],"class_list":["post-2120","post","type-post","status-publish","format-standard","hentry","category-anuncio","category-desistimiento","category-licitacion"],"acf":[],"_links":{"self":[{"href":"https:\/\/contratacion.almunecar.es\/index.php?rest_route=\/wp\/v2\/posts\/2120","targetHints":{"allow":["GET"]}}],"collection":[{"href":"https:\/\/contratacion.almunecar.es\/index.php?rest_route=\/wp\/v2\/posts"}],"about":[{"href":"https:\/\/contratacion.almunecar.es\/index.php?rest_route=\/wp\/v2\/types\/post"}],"author":[{"embeddable":true,"href":"https:\/\/contratacion.almunecar.es\/index.php?rest_route=\/wp\/v2\/users\/2"}],"replies":[{"embeddable":true,"href":"https:\/\/contratacion.almunecar.es\/index.php?rest_route=%2Fwp%2Fv2%2Fcomments&post=2120"}],"version-history":[{"count":8,"href":"https:\/\/contratacion.almunecar.es\/index.php?rest_route=\/wp\/v2\/posts\/2120\/revisions"}],"predecessor-version":[{"id":2228,"href":"https:\/\/contratacion.almunecar.es\/index.php?rest_route=\/wp\/v2\/posts\/2120\/revisions\/2228"}],"wp:attachment":[{"href":"https:\/\/contratacion.almunecar.es\/index.php?rest_route=%2Fwp%2Fv2%2Fmedia&parent=2120"}],"wp:term":[{"taxonomy":"category","embeddable":true,"href":"https:\/\/contratacion.almunecar.es\/index.php?rest_route=%2Fwp%2Fv2%2Fcategories&post=2120"},{"taxonomy":"post_tag","embeddable":true,"href":"https:\/\/contratacion.almunecar.es\/index.php?rest_route=%2Fwp%2Fv2%2Ftags&post=2120"}],"curies":[{"name":"wp","href":"https:\/\/api.w.org\/{rel}","templated":true}]}}