{"id":2108,"date":"2019-05-07T13:16:12","date_gmt":"2019-05-07T11:16:12","guid":{"rendered":"http:\/\/contratacion.almunecar.es\/?p=2108"},"modified":"2019-11-05T10:04:39","modified_gmt":"2019-11-05T08:04:39","slug":"expte-46-2019-gest-2181-2019-servicio-de-mantenimiento-conservacion-y-reparacion-de-las-instalaciones-semaforicas-del-municipio-de-almunecar","status":"publish","type":"post","link":"https:\/\/contratacion.almunecar.es\/?p=2108","title":{"rendered":"EXPTE 46\/2019 (GEST 2181\/2019): SERVICIO DE MANTENIMIENTO, CONSERVACI\u00d3N Y REPARACI\u00d3N DE LAS INSTALACIONES SEMAF\u00d3RICAS DEL MUNICIPIO DE ALMU\u00d1\u00c9CAR"},"content":{"rendered":"<p><a href=\"http:\/\/contratacion.almunecar.es\/wp-content\/uploads\/2019\/05\/Aprobacion-del-expediente.pdf\">07\/05\/2019 Aprobacion del expediente<\/a><\/p>\n<p><a href=\"http:\/\/contratacion.almunecar.es\/wp-content\/uploads\/2019\/05\/PPT-mantenimiento-semaforos.pdf\">07\/05\/2019 PPT mantenimiento semaforos<\/a><\/p>\n<p><a href=\"http:\/\/contratacion.almunecar.es\/wp-content\/uploads\/2019\/05\/PCAP-mantenimiento-semaforos.pdf\">07\/05\/2019 PCAP mantenimiento semaforos<\/a><\/p>\n<p>05\/08\/2019 <a href=\"https:\/\/contratacion.almunecar.es\/wp-content\/uploads\/2019\/05\/mesa-de-contratacion.pdf\">mesa de contratacion 07\/08\/2019<\/a><\/p>\n<p>11\/09\/2019 <a href=\"https:\/\/contratacion.almunecar.es\/wp-content\/uploads\/2019\/05\/Comunicacion.pdf\">Comunicacion<\/a> Requerimiento de Documentaci\u00f3n<\/p>\n<p>04\/10\/2019 <a href=\"https:\/\/contratacion.almunecar.es\/wp-content\/uploads\/2019\/05\/Acuerdo-Adjudicaci\u00f3n-JGL.pdf\">Acuerdo Adjudicaci\u00f3n sem\u00e1foros<\/a><\/p>\n<p>&nbsp;<\/p>\n<p>&nbsp;<\/p>\n<p>&nbsp;<\/p>\n<p><strong>Enlace a la licitaci\u00f3n: <\/strong><a href=\"https:\/\/contrataciondelestado.es\/wps\/portal\/!ut\/p\/b0\/04_Sj9CPykssy0xPLMnMz0vMAfIjU1JTC3Iy87KtUlJLEnNyUuNzMpMzSxKTgQr0w_Wj9KMyU1zLcoDqXIw9LPINPdy8UjNdvYrCggpz8isdbW31C3JzHQHcK4to\/\"><strong>pinche aqu\u00ed<\/strong><\/a><\/p>\n<p>&nbsp;<\/p>\n","protected":false},"excerpt":{"rendered":"<p>07\/05\/2019 Aprobacion del expediente 07\/05\/2019 PPT mantenimiento semaforos 07\/05\/2019 PCAP mantenimiento semaforos 05\/08\/2019 mesa de contratacion 07\/08\/2019 11\/09\/2019 Comunicacion Requerimiento de Documentaci\u00f3n 04\/10\/2019 Acuerdo Adjudicaci\u00f3n sem\u00e1foros &nbsp; &nbsp; &nbsp; Enlace a la licitaci\u00f3n: pinche aqu\u00ed &nbsp;<\/p>\n","protected":false},"author":2,"featured_media":0,"comment_status":"closed","ping_status":"closed","sticky":false,"template":"","format":"standard","meta":{"_acf_changed":false,"footnotes":""},"categories":[5,3,12,4],"tags":[],"class_list":["post-2108","post","type-post","status-publish","format-standard","hentry","category-adjudicacion_final","category-anuncio","category-formalizacion-de-contrato","category-licitacion"],"acf":[],"_links":{"self":[{"href":"https:\/\/contratacion.almunecar.es\/index.php?rest_route=\/wp\/v2\/posts\/2108","targetHints":{"allow":["GET"]}}],"collection":[{"href":"https:\/\/contratacion.almunecar.es\/index.php?rest_route=\/wp\/v2\/posts"}],"about":[{"href":"https:\/\/contratacion.almunecar.es\/index.php?rest_route=\/wp\/v2\/types\/post"}],"author":[{"embeddable":true,"href":"https:\/\/contratacion.almunecar.es\/index.php?rest_route=\/wp\/v2\/users\/2"}],"replies":[{"embeddable":true,"href":"https:\/\/contratacion.almunecar.es\/index.php?rest_route=%2Fwp%2Fv2%2Fcomments&post=2108"}],"version-history":[{"count":8,"href":"https:\/\/contratacion.almunecar.es\/index.php?rest_route=\/wp\/v2\/posts\/2108\/revisions"}],"predecessor-version":[{"id":2451,"href":"https:\/\/contratacion.almunecar.es\/index.php?rest_route=\/wp\/v2\/posts\/2108\/revisions\/2451"}],"wp:attachment":[{"href":"https:\/\/contratacion.almunecar.es\/index.php?rest_route=%2Fwp%2Fv2%2Fmedia&parent=2108"}],"wp:term":[{"taxonomy":"category","embeddable":true,"href":"https:\/\/contratacion.almunecar.es\/index.php?rest_route=%2Fwp%2Fv2%2Fcategories&post=2108"},{"taxonomy":"post_tag","embeddable":true,"href":"https:\/\/contratacion.almunecar.es\/index.php?rest_route=%2Fwp%2Fv2%2Ftags&post=2108"}],"curies":[{"name":"wp","href":"https:\/\/api.w.org\/{rel}","templated":true}]}}