{"id":2103,"date":"2019-05-06T14:54:41","date_gmt":"2019-05-06T12:54:41","guid":{"rendered":"http:\/\/contratacion.almunecar.es\/?p=2103"},"modified":"2019-05-06T14:54:41","modified_gmt":"2019-05-06T12:54:41","slug":"66-2019-gest-3324-2019-montaje-y-desmontaje-de-lonas-y-carpas-aereas-en-parque-el-majuelo-de-almunecar","status":"publish","type":"post","link":"https:\/\/contratacion.almunecar.es\/?p=2103","title":{"rendered":"66\/2019 GEST 3324\/2019 MONTAJE Y DESMONTAJE DE LONAS Y CARPAS A\u00c9REAS EN PARQUE EL MAJUELO DE ALMU\u00d1\u00c9CAR"},"content":{"rendered":"<p>*NOTA: Si se opta por Registro de Entrada del Ayuntamiento de Almu\u00f1\u00e9car, el presupuesto deber\u00e1 ir acompa\u00f1ado de la correspondiente solicitud que har\u00e1 referencia a este anuncio.<\/p>\n<p><a href=\"http:\/\/contratacion.almunecar.es\/wp-content\/uploads\/2019\/05\/Informe-Motivacional-Montaje-Lonas-Majuelo.pdf\">Informe Motivacional Montaje Lonas Majuelo<\/a><\/p>\n<p><a href=\"http:\/\/contratacion.almunecar.es\/wp-content\/uploads\/2019\/05\/Informe-Memoria-Trabajos-a-realizar-Montaje-Lonas-Majuelo.pdf\">Informe Memoria Trabajos a realizar Montaje Lonas Majuelo<\/a><\/p>\n","protected":false},"excerpt":{"rendered":"<p>*NOTA: Si se opta por Registro de Entrada del Ayuntamiento de Almu\u00f1\u00e9car, el presupuesto deber\u00e1 ir acompa\u00f1ado de la correspondiente solicitud que har\u00e1 referencia a este anuncio. Informe Motivacional Montaje Lonas Majuelo Informe Memoria Trabajos a realizar Montaje Lonas Majuelo<\/p>\n","protected":false},"author":2,"featured_media":0,"comment_status":"closed","ping_status":"closed","sticky":false,"template":"","format":"standard","meta":{"_acf_changed":false,"footnotes":""},"categories":[10],"tags":[],"class_list":["post-2103","post","type-post","status-publish","format-standard","hentry","category-menores"],"acf":[],"_links":{"self":[{"href":"https:\/\/contratacion.almunecar.es\/index.php?rest_route=\/wp\/v2\/posts\/2103","targetHints":{"allow":["GET"]}}],"collection":[{"href":"https:\/\/contratacion.almunecar.es\/index.php?rest_route=\/wp\/v2\/posts"}],"about":[{"href":"https:\/\/contratacion.almunecar.es\/index.php?rest_route=\/wp\/v2\/types\/post"}],"author":[{"embeddable":true,"href":"https:\/\/contratacion.almunecar.es\/index.php?rest_route=\/wp\/v2\/users\/2"}],"replies":[{"embeddable":true,"href":"https:\/\/contratacion.almunecar.es\/index.php?rest_route=%2Fwp%2Fv2%2Fcomments&post=2103"}],"version-history":[{"count":2,"href":"https:\/\/contratacion.almunecar.es\/index.php?rest_route=\/wp\/v2\/posts\/2103\/revisions"}],"predecessor-version":[{"id":2107,"href":"https:\/\/contratacion.almunecar.es\/index.php?rest_route=\/wp\/v2\/posts\/2103\/revisions\/2107"}],"wp:attachment":[{"href":"https:\/\/contratacion.almunecar.es\/index.php?rest_route=%2Fwp%2Fv2%2Fmedia&parent=2103"}],"wp:term":[{"taxonomy":"category","embeddable":true,"href":"https:\/\/contratacion.almunecar.es\/index.php?rest_route=%2Fwp%2Fv2%2Fcategories&post=2103"},{"taxonomy":"post_tag","embeddable":true,"href":"https:\/\/contratacion.almunecar.es\/index.php?rest_route=%2Fwp%2Fv2%2Ftags&post=2103"}],"curies":[{"name":"wp","href":"https:\/\/api.w.org\/{rel}","templated":true}]}}