{"id":2094,"date":"2019-05-03T12:50:48","date_gmt":"2019-05-03T10:50:48","guid":{"rendered":"http:\/\/contratacion.almunecar.es\/?p=2094"},"modified":"2019-05-03T12:50:48","modified_gmt":"2019-05-03T10:50:48","slug":"expte-63-2019-gest-3197-2019-reparacion-del-centro-socio-cultural-cueva-de-7-palacios-y-ayuntamiento-de-almunecar","status":"publish","type":"post","link":"https:\/\/contratacion.almunecar.es\/?p=2094","title":{"rendered":"EXPTE. 63\/2019 GEST 3197\/2019 REPARACI\u00d3N DEL CENTRO SOCIO CULTURAL CUEVA DE 7 PALACIOS Y AYUNTAMIENTO DE ALMU\u00d1\u00c9CAR"},"content":{"rendered":"<p>*NOTA: Si se opta por Registro de Entrada del Ayuntamiento de Almu\u00f1\u00e9car, el presupuesto deber\u00e1 ir acompa\u00f1ado de la correspondiente solicitud que har\u00e1 referencia a este anuncio.<\/p>\n<p><a href=\"http:\/\/contratacion.almunecar.es\/wp-content\/uploads\/2019\/05\/INFORME-T\u00c9CNICO-DE-NECESIDAD-VALORACI\u00d3N-1.pdf\">\u00a03\/5\/2019 INFORME T\u00c9CNICO DE NECESIDAD VALORACI\u00d3N<\/a><\/p>\n","protected":false},"excerpt":{"rendered":"<p>*NOTA: Si se opta por Registro de Entrada del Ayuntamiento de Almu\u00f1\u00e9car, el presupuesto deber\u00e1 ir acompa\u00f1ado de la correspondiente solicitud que har\u00e1 referencia a este anuncio. \u00a03\/5\/2019 INFORME T\u00c9CNICO DE NECESIDAD VALORACI\u00d3N<\/p>\n","protected":false},"author":2,"featured_media":0,"comment_status":"closed","ping_status":"closed","sticky":false,"template":"","format":"standard","meta":{"_acf_changed":false,"footnotes":""},"categories":[10],"tags":[],"class_list":["post-2094","post","type-post","status-publish","format-standard","hentry","category-menores"],"acf":[],"_links":{"self":[{"href":"https:\/\/contratacion.almunecar.es\/index.php?rest_route=\/wp\/v2\/posts\/2094","targetHints":{"allow":["GET"]}}],"collection":[{"href":"https:\/\/contratacion.almunecar.es\/index.php?rest_route=\/wp\/v2\/posts"}],"about":[{"href":"https:\/\/contratacion.almunecar.es\/index.php?rest_route=\/wp\/v2\/types\/post"}],"author":[{"embeddable":true,"href":"https:\/\/contratacion.almunecar.es\/index.php?rest_route=\/wp\/v2\/users\/2"}],"replies":[{"embeddable":true,"href":"https:\/\/contratacion.almunecar.es\/index.php?rest_route=%2Fwp%2Fv2%2Fcomments&post=2094"}],"version-history":[{"count":2,"href":"https:\/\/contratacion.almunecar.es\/index.php?rest_route=\/wp\/v2\/posts\/2094\/revisions"}],"predecessor-version":[{"id":2097,"href":"https:\/\/contratacion.almunecar.es\/index.php?rest_route=\/wp\/v2\/posts\/2094\/revisions\/2097"}],"wp:attachment":[{"href":"https:\/\/contratacion.almunecar.es\/index.php?rest_route=%2Fwp%2Fv2%2Fmedia&parent=2094"}],"wp:term":[{"taxonomy":"category","embeddable":true,"href":"https:\/\/contratacion.almunecar.es\/index.php?rest_route=%2Fwp%2Fv2%2Fcategories&post=2094"},{"taxonomy":"post_tag","embeddable":true,"href":"https:\/\/contratacion.almunecar.es\/index.php?rest_route=%2Fwp%2Fv2%2Ftags&post=2094"}],"curies":[{"name":"wp","href":"https:\/\/api.w.org\/{rel}","templated":true}]}}