{"id":2043,"date":"2019-04-23T09:35:30","date_gmt":"2019-04-23T07:35:30","guid":{"rendered":"http:\/\/contratacion.almunecar.es\/?p=2043"},"modified":"2019-04-23T09:35:30","modified_gmt":"2019-04-23T07:35:30","slug":"expte-2031-2019-venta-de-material-obsoleto-cubos-pvc","status":"publish","type":"post","link":"https:\/\/contratacion.almunecar.es\/?p=2043","title":{"rendered":"EXPTE.2031\/2019 VENTA DE MATERIAL OBSOLETO: CUBOS PVC"},"content":{"rendered":"<p><a href=\"http:\/\/contratacion.almunecar.es\/wp-content\/uploads\/2019\/04\/INFORME-VALORACI\u00d3N-CUBOS-FLOTANTES.pdf\">23\/04\/2019 INFORME VALORACI\u00d3N CUBOS FLOTANTES<\/a><\/p>\n<p><a href=\"http:\/\/contratacion.almunecar.es\/wp-content\/uploads\/2019\/04\/Resoluci\u00f3n_Decreto-de-Alcald\u00eda-DECRETO-2019-1150-Resoluci\u00f3n-declaraci\u00f3n-de-material-obsoleto-cubos-pvc.pdf\">23\/04\/2019 Resoluci\u00f3n DECRETO 2019-1150 [Resoluci\u00f3n declaraci\u00f3n de material obsoleto cubos pvc]<\/a><\/p>\n","protected":false},"excerpt":{"rendered":"<p>23\/04\/2019 INFORME VALORACI\u00d3N CUBOS FLOTANTES 23\/04\/2019 Resoluci\u00f3n DECRETO 2019-1150 [Resoluci\u00f3n declaraci\u00f3n de material obsoleto cubos pvc]<\/p>\n","protected":false},"author":2,"featured_media":0,"comment_status":"closed","ping_status":"closed","sticky":false,"template":"","format":"standard","meta":{"_acf_changed":false,"footnotes":""},"categories":[3],"tags":[],"class_list":["post-2043","post","type-post","status-publish","format-standard","hentry","category-anuncio"],"acf":[],"_links":{"self":[{"href":"https:\/\/contratacion.almunecar.es\/index.php?rest_route=\/wp\/v2\/posts\/2043","targetHints":{"allow":["GET"]}}],"collection":[{"href":"https:\/\/contratacion.almunecar.es\/index.php?rest_route=\/wp\/v2\/posts"}],"about":[{"href":"https:\/\/contratacion.almunecar.es\/index.php?rest_route=\/wp\/v2\/types\/post"}],"author":[{"embeddable":true,"href":"https:\/\/contratacion.almunecar.es\/index.php?rest_route=\/wp\/v2\/users\/2"}],"replies":[{"embeddable":true,"href":"https:\/\/contratacion.almunecar.es\/index.php?rest_route=%2Fwp%2Fv2%2Fcomments&post=2043"}],"version-history":[{"count":2,"href":"https:\/\/contratacion.almunecar.es\/index.php?rest_route=\/wp\/v2\/posts\/2043\/revisions"}],"predecessor-version":[{"id":2047,"href":"https:\/\/contratacion.almunecar.es\/index.php?rest_route=\/wp\/v2\/posts\/2043\/revisions\/2047"}],"wp:attachment":[{"href":"https:\/\/contratacion.almunecar.es\/index.php?rest_route=%2Fwp%2Fv2%2Fmedia&parent=2043"}],"wp:term":[{"taxonomy":"category","embeddable":true,"href":"https:\/\/contratacion.almunecar.es\/index.php?rest_route=%2Fwp%2Fv2%2Fcategories&post=2043"},{"taxonomy":"post_tag","embeddable":true,"href":"https:\/\/contratacion.almunecar.es\/index.php?rest_route=%2Fwp%2Fv2%2Ftags&post=2043"}],"curies":[{"name":"wp","href":"https:\/\/api.w.org\/{rel}","templated":true}]}}