{"id":1887,"date":"2019-02-25T13:59:10","date_gmt":"2019-02-25T11:59:10","guid":{"rendered":"http:\/\/contratacion.almunecar.es\/?p=1887"},"modified":"2019-03-20T15:23:35","modified_gmt":"2019-03-20T13:23:35","slug":"expte-contratacion-23-2019-gestiona-1276-2019-espectaculos-musicales-para-fiestas-patronales-de-san-jose-2019","status":"publish","type":"post","link":"https:\/\/contratacion.almunecar.es\/?p=1887","title":{"rendered":"Expte contrataci\u00f3n 23\/2019 (Gestiona 1276\/2019) Espect\u00e1culos musicales para fiestas patronales de San Jos\u00e9 2019"},"content":{"rendered":"<p><a href=\"http:\/\/contratacion.almunecar.es\/wp-content\/uploads\/2019\/02\/PLIEGO-ADMINISTRATIVO-ESPECT\u00c1CULO-MUSICAL-SAN-JOS\u00c9.pdf\">PLIEGO ADMINISTRATIVO ESPECT\u00c1CULO MUSICAL SAN JOS\u00c9<\/a><\/p>\n<p><a href=\"http:\/\/contratacion.almunecar.es\/wp-content\/uploads\/2019\/02\/PLIEGO-T\u00c9CNICO-CL\u00c1USULAS-ESPECT\u00c1CULOS-MUSICALES-SAN-JOS\u00c9-2019-LOTES.pdf\">PLIEGO T\u00c9CNICO CL\u00c1USULAS ESPECT\u00c1CULOS MUSICALES SAN JOS\u00c9 2019 LOTES<\/a><\/p>\n<p><a href=\"http:\/\/contratacion.almunecar.es\/wp-content\/uploads\/2019\/02\/20190225_Resoluci\u00f3n-Alcald\u00eda-Expte.-23-2019.pdf\">Resoluci\u00f3n Alcald\u00eda Expte. 23-2019<\/a><\/p>\n<p><a href=\"http:\/\/contratacion.almunecar.es\/wp-content\/uploads\/2019\/02\/Citaci\u00f3n-Mesa-Contrataci\u00f3n-11-03-2019.pdf\">Citaci\u00f3n Mesa Contrataci\u00f3n 11-03-2019<\/a><\/p>\n<p>&nbsp;<\/p>\n","protected":false},"excerpt":{"rendered":"<p>PLIEGO ADMINISTRATIVO ESPECT\u00c1CULO MUSICAL SAN JOS\u00c9 PLIEGO T\u00c9CNICO CL\u00c1USULAS ESPECT\u00c1CULOS MUSICALES SAN JOS\u00c9 2019 LOTES Resoluci\u00f3n Alcald\u00eda Expte. 23-2019 Citaci\u00f3n Mesa Contrataci\u00f3n 11-03-2019 &nbsp;<\/p>\n","protected":false},"author":2,"featured_media":0,"comment_status":"closed","ping_status":"closed","sticky":false,"template":"","format":"standard","meta":{"_acf_changed":false,"footnotes":""},"categories":[3,12,4],"tags":[],"class_list":["post-1887","post","type-post","status-publish","format-standard","hentry","category-anuncio","category-formalizacion-de-contrato","category-licitacion"],"acf":[],"_links":{"self":[{"href":"https:\/\/contratacion.almunecar.es\/index.php?rest_route=\/wp\/v2\/posts\/1887","targetHints":{"allow":["GET"]}}],"collection":[{"href":"https:\/\/contratacion.almunecar.es\/index.php?rest_route=\/wp\/v2\/posts"}],"about":[{"href":"https:\/\/contratacion.almunecar.es\/index.php?rest_route=\/wp\/v2\/types\/post"}],"author":[{"embeddable":true,"href":"https:\/\/contratacion.almunecar.es\/index.php?rest_route=\/wp\/v2\/users\/2"}],"replies":[{"embeddable":true,"href":"https:\/\/contratacion.almunecar.es\/index.php?rest_route=%2Fwp%2Fv2%2Fcomments&post=1887"}],"version-history":[{"count":5,"href":"https:\/\/contratacion.almunecar.es\/index.php?rest_route=\/wp\/v2\/posts\/1887\/revisions"}],"predecessor-version":[{"id":1939,"href":"https:\/\/contratacion.almunecar.es\/index.php?rest_route=\/wp\/v2\/posts\/1887\/revisions\/1939"}],"wp:attachment":[{"href":"https:\/\/contratacion.almunecar.es\/index.php?rest_route=%2Fwp%2Fv2%2Fmedia&parent=1887"}],"wp:term":[{"taxonomy":"category","embeddable":true,"href":"https:\/\/contratacion.almunecar.es\/index.php?rest_route=%2Fwp%2Fv2%2Fcategories&post=1887"},{"taxonomy":"post_tag","embeddable":true,"href":"https:\/\/contratacion.almunecar.es\/index.php?rest_route=%2Fwp%2Fv2%2Ftags&post=1887"}],"curies":[{"name":"wp","href":"https:\/\/api.w.org\/{rel}","templated":true}]}}