{"id":1868,"date":"2019-02-22T15:40:45","date_gmt":"2019-02-22T13:40:45","guid":{"rendered":"http:\/\/contratacion.almunecar.es\/?p=1868"},"modified":"2019-02-22T15:40:45","modified_gmt":"2019-02-22T13:40:45","slug":"expte-24-19-gest-1017-19-infraestructura-para-sustentar-iluminacion-de-las-barras-de-la-feria-de-dia-y-caseta-oficial-fiestas-san-jose","status":"publish","type":"post","link":"https:\/\/contratacion.almunecar.es\/?p=1868","title":{"rendered":"Expte. 24\/19 Gest. 1017\/19 Infraestructura para sustentar iluminaci\u00f3n de las barras de la feria de d\u00eda y caseta oficial Fiestas San Jos\u00e9"},"content":{"rendered":"<p><a href=\"http:\/\/contratacion.almunecar.es\/wp-content\/uploads\/2019\/02\/INFRAESTRUCTURAS-BARRAS-DE-D\u00cdA-SAN-JOS\u00c9-DE-LA-HERRADURA-2019.pdf\">INFRAESTRUCTURAS BARRAS DE D\u00cdA SAN JOS\u00c9 DE LA HERRADURA 2019<\/a><\/p>\n","protected":false},"excerpt":{"rendered":"<p>INFRAESTRUCTURAS BARRAS DE D\u00cdA SAN JOS\u00c9 DE LA HERRADURA 2019<\/p>\n","protected":false},"author":4,"featured_media":0,"comment_status":"closed","ping_status":"closed","sticky":false,"template":"","format":"standard","meta":{"_acf_changed":false,"footnotes":""},"categories":[3,10,4],"tags":[],"class_list":["post-1868","post","type-post","status-publish","format-standard","hentry","category-anuncio","category-menores","category-licitacion"],"acf":[],"_links":{"self":[{"href":"https:\/\/contratacion.almunecar.es\/index.php?rest_route=\/wp\/v2\/posts\/1868","targetHints":{"allow":["GET"]}}],"collection":[{"href":"https:\/\/contratacion.almunecar.es\/index.php?rest_route=\/wp\/v2\/posts"}],"about":[{"href":"https:\/\/contratacion.almunecar.es\/index.php?rest_route=\/wp\/v2\/types\/post"}],"author":[{"embeddable":true,"href":"https:\/\/contratacion.almunecar.es\/index.php?rest_route=\/wp\/v2\/users\/4"}],"replies":[{"embeddable":true,"href":"https:\/\/contratacion.almunecar.es\/index.php?rest_route=%2Fwp%2Fv2%2Fcomments&post=1868"}],"version-history":[{"count":2,"href":"https:\/\/contratacion.almunecar.es\/index.php?rest_route=\/wp\/v2\/posts\/1868\/revisions"}],"predecessor-version":[{"id":1871,"href":"https:\/\/contratacion.almunecar.es\/index.php?rest_route=\/wp\/v2\/posts\/1868\/revisions\/1871"}],"wp:attachment":[{"href":"https:\/\/contratacion.almunecar.es\/index.php?rest_route=%2Fwp%2Fv2%2Fmedia&parent=1868"}],"wp:term":[{"taxonomy":"category","embeddable":true,"href":"https:\/\/contratacion.almunecar.es\/index.php?rest_route=%2Fwp%2Fv2%2Fcategories&post=1868"},{"taxonomy":"post_tag","embeddable":true,"href":"https:\/\/contratacion.almunecar.es\/index.php?rest_route=%2Fwp%2Fv2%2Ftags&post=1868"}],"curies":[{"name":"wp","href":"https:\/\/api.w.org\/{rel}","templated":true}]}}