{"id":1762,"date":"2019-01-31T15:39:23","date_gmt":"2019-01-31T13:39:23","guid":{"rendered":"http:\/\/contratacion.almunecar.es\/?p=1762"},"modified":"2019-02-04T14:36:51","modified_gmt":"2019-02-04T12:36:51","slug":"expte-18-19-gest-803-19-contratacion-ejecucion-y-desarrollo-programa-medidas-del-pacto-de-estado-en-materia-de-violencia-de-genero","status":"publish","type":"post","link":"https:\/\/contratacion.almunecar.es\/?p=1762","title":{"rendered":"Expte. 18\/19 Gest. 803\/19 Contrataci\u00f3n ejecuci\u00f3n y desarrollo Programa medidas del Pacto de Estado en materia de Violencia de G\u00e9nero."},"content":{"rendered":"<p><a href=\"http:\/\/contratacion.almunecar.es\/wp-content\/uploads\/2019\/01\/Informe-contrataci\u00f3n-servicio-asesoramiento-legal-pacto-de-estado-violencia-de-genero-1.pdf\">Informe contrataci\u00f3n servicio asesoramiento legal pacto de estado violencia de genero (1)<\/a><\/p>\n","protected":false},"excerpt":{"rendered":"<p>Informe contrataci\u00f3n servicio asesoramiento legal pacto de estado violencia de genero (1)<\/p>\n","protected":false},"author":4,"featured_media":0,"comment_status":"closed","ping_status":"closed","sticky":false,"template":"","format":"standard","meta":{"_acf_changed":false,"footnotes":""},"categories":[3,10,4],"tags":[],"class_list":["post-1762","post","type-post","status-publish","format-standard","hentry","category-anuncio","category-menores","category-licitacion"],"acf":[],"_links":{"self":[{"href":"https:\/\/contratacion.almunecar.es\/index.php?rest_route=\/wp\/v2\/posts\/1762","targetHints":{"allow":["GET"]}}],"collection":[{"href":"https:\/\/contratacion.almunecar.es\/index.php?rest_route=\/wp\/v2\/posts"}],"about":[{"href":"https:\/\/contratacion.almunecar.es\/index.php?rest_route=\/wp\/v2\/types\/post"}],"author":[{"embeddable":true,"href":"https:\/\/contratacion.almunecar.es\/index.php?rest_route=\/wp\/v2\/users\/4"}],"replies":[{"embeddable":true,"href":"https:\/\/contratacion.almunecar.es\/index.php?rest_route=%2Fwp%2Fv2%2Fcomments&post=1762"}],"version-history":[{"count":2,"href":"https:\/\/contratacion.almunecar.es\/index.php?rest_route=\/wp\/v2\/posts\/1762\/revisions"}],"predecessor-version":[{"id":1770,"href":"https:\/\/contratacion.almunecar.es\/index.php?rest_route=\/wp\/v2\/posts\/1762\/revisions\/1770"}],"wp:attachment":[{"href":"https:\/\/contratacion.almunecar.es\/index.php?rest_route=%2Fwp%2Fv2%2Fmedia&parent=1762"}],"wp:term":[{"taxonomy":"category","embeddable":true,"href":"https:\/\/contratacion.almunecar.es\/index.php?rest_route=%2Fwp%2Fv2%2Fcategories&post=1762"},{"taxonomy":"post_tag","embeddable":true,"href":"https:\/\/contratacion.almunecar.es\/index.php?rest_route=%2Fwp%2Fv2%2Ftags&post=1762"}],"curies":[{"name":"wp","href":"https:\/\/api.w.org\/{rel}","templated":true}]}}