{"id":1688,"date":"2019-01-18T10:22:02","date_gmt":"2019-01-18T08:22:02","guid":{"rendered":"http:\/\/contratacion.almunecar.es\/?p=1688"},"modified":"2019-01-18T10:22:02","modified_gmt":"2019-01-18T08:22:02","slug":"expte-6-19-gest-378-19-construccion-de-aseo-en-local-de-la-asociacion-de-francofonos-y-adaptacion-de-espacio-bajo-las-gradas-pabellon-municipal-para-instalacion-de-puerta-y-reja-similar-a-los-espaci","status":"publish","type":"post","link":"https:\/\/contratacion.almunecar.es\/?p=1688","title":{"rendered":"Expte. 6\/19 Gest. 378\/19 Construcci\u00f3n de aseo en Local de la Asociaci\u00f3n de franc\u00f3fonos y adaptaci\u00f3n de espacio bajo las gradas Pabell\u00f3n Municipal para instalaci\u00f3n de puerta y reja similar a los espacios colindantes"},"content":{"rendered":"<p><a href=\"http:\/\/contratacion.almunecar.es\/wp-content\/uploads\/2019\/01\/INFORME-T\u00c9CNICO-OBRAS-LOCAL-MARIOTE-Y-ADAPTACION-ESPACIO-BAJO-GRADAS-PABELLON-MUNICIPAL.pdf\">INFORME T\u00c9CNICO OBRAS LOCAL MARIOTE Y ADAPTACION ESPACIO BAJO GRADAS PABELLON MUNICIPAL<\/a><\/p>\n","protected":false},"excerpt":{"rendered":"<p>INFORME T\u00c9CNICO OBRAS LOCAL MARIOTE Y ADAPTACION ESPACIO BAJO GRADAS PABELLON MUNICIPAL<\/p>\n","protected":false},"author":4,"featured_media":0,"comment_status":"closed","ping_status":"closed","sticky":false,"template":"","format":"standard","meta":{"_acf_changed":false,"footnotes":""},"categories":[3,10,4],"tags":[],"class_list":["post-1688","post","type-post","status-publish","format-standard","hentry","category-anuncio","category-menores","category-licitacion"],"acf":[],"_links":{"self":[{"href":"https:\/\/contratacion.almunecar.es\/index.php?rest_route=\/wp\/v2\/posts\/1688","targetHints":{"allow":["GET"]}}],"collection":[{"href":"https:\/\/contratacion.almunecar.es\/index.php?rest_route=\/wp\/v2\/posts"}],"about":[{"href":"https:\/\/contratacion.almunecar.es\/index.php?rest_route=\/wp\/v2\/types\/post"}],"author":[{"embeddable":true,"href":"https:\/\/contratacion.almunecar.es\/index.php?rest_route=\/wp\/v2\/users\/4"}],"replies":[{"embeddable":true,"href":"https:\/\/contratacion.almunecar.es\/index.php?rest_route=%2Fwp%2Fv2%2Fcomments&post=1688"}],"version-history":[{"count":4,"href":"https:\/\/contratacion.almunecar.es\/index.php?rest_route=\/wp\/v2\/posts\/1688\/revisions"}],"predecessor-version":[{"id":1693,"href":"https:\/\/contratacion.almunecar.es\/index.php?rest_route=\/wp\/v2\/posts\/1688\/revisions\/1693"}],"wp:attachment":[{"href":"https:\/\/contratacion.almunecar.es\/index.php?rest_route=%2Fwp%2Fv2%2Fmedia&parent=1688"}],"wp:term":[{"taxonomy":"category","embeddable":true,"href":"https:\/\/contratacion.almunecar.es\/index.php?rest_route=%2Fwp%2Fv2%2Fcategories&post=1688"},{"taxonomy":"post_tag","embeddable":true,"href":"https:\/\/contratacion.almunecar.es\/index.php?rest_route=%2Fwp%2Fv2%2Ftags&post=1688"}],"curies":[{"name":"wp","href":"https:\/\/api.w.org\/{rel}","templated":true}]}}