{"id":1630,"date":"2018-12-19T15:51:33","date_gmt":"2018-12-19T13:51:33","guid":{"rendered":"http:\/\/contratacion.almunecar.es\/?p=1630"},"modified":"2018-12-20T10:11:17","modified_gmt":"2018-12-20T08:11:17","slug":"expte-206-18-gest-9711-18-campana-de-co-marketing-tanto-en-b2b-como-en-b2c-para-promocion-turistica-de-nuestra-ciudad-en-el-mercado-aleman","status":"publish","type":"post","link":"https:\/\/contratacion.almunecar.es\/?p=1630","title":{"rendered":"Expte. 206\/18 Gest. 9711\/18 Campa\u00f1a de co-marketing, tanto en B2B como en B2C para promoci\u00f3n tur\u00edstica de nuestra ciudad en el mercado alem\u00e1n"},"content":{"rendered":"<p><a href=\"http:\/\/contratacion.almunecar.es\/wp-content\/uploads\/2018\/12\/Informe-Motivacional-Campa\u00f1a-Co-markeing-mercado-aleman-1.pdf\">Informe Motivacional Campa\u00f1a Co-markeing mercado aleman (1)<\/a><\/p>\n<p><a href=\"http:\/\/contratacion.almunecar.es\/wp-content\/uploads\/2018\/12\/Memoria-Trabajos-a-realizar-Contrataci\u00f3n-Campa\u00f1a-Co-marketing-Mercado-Alem\u00e1n-1-1.pdf\">Memoria Trabajos a realizar Contrataci\u00f3n Campa\u00f1a Co-marketing Mercado Alem\u00e1n (1)<\/a><\/p>\n","protected":false},"excerpt":{"rendered":"<p>Informe Motivacional Campa\u00f1a Co-markeing mercado aleman (1) Memoria Trabajos a realizar Contrataci\u00f3n Campa\u00f1a Co-marketing Mercado Alem\u00e1n (1)<\/p>\n","protected":false},"author":4,"featured_media":0,"comment_status":"closed","ping_status":"closed","sticky":false,"template":"","format":"standard","meta":{"_acf_changed":false,"footnotes":""},"categories":[3,10,4],"tags":[],"class_list":["post-1630","post","type-post","status-publish","format-standard","hentry","category-anuncio","category-menores","category-licitacion"],"acf":[],"_links":{"self":[{"href":"https:\/\/contratacion.almunecar.es\/index.php?rest_route=\/wp\/v2\/posts\/1630","targetHints":{"allow":["GET"]}}],"collection":[{"href":"https:\/\/contratacion.almunecar.es\/index.php?rest_route=\/wp\/v2\/posts"}],"about":[{"href":"https:\/\/contratacion.almunecar.es\/index.php?rest_route=\/wp\/v2\/types\/post"}],"author":[{"embeddable":true,"href":"https:\/\/contratacion.almunecar.es\/index.php?rest_route=\/wp\/v2\/users\/4"}],"replies":[{"embeddable":true,"href":"https:\/\/contratacion.almunecar.es\/index.php?rest_route=%2Fwp%2Fv2%2Fcomments&post=1630"}],"version-history":[{"count":3,"href":"https:\/\/contratacion.almunecar.es\/index.php?rest_route=\/wp\/v2\/posts\/1630\/revisions"}],"predecessor-version":[{"id":1638,"href":"https:\/\/contratacion.almunecar.es\/index.php?rest_route=\/wp\/v2\/posts\/1630\/revisions\/1638"}],"wp:attachment":[{"href":"https:\/\/contratacion.almunecar.es\/index.php?rest_route=%2Fwp%2Fv2%2Fmedia&parent=1630"}],"wp:term":[{"taxonomy":"category","embeddable":true,"href":"https:\/\/contratacion.almunecar.es\/index.php?rest_route=%2Fwp%2Fv2%2Fcategories&post=1630"},{"taxonomy":"post_tag","embeddable":true,"href":"https:\/\/contratacion.almunecar.es\/index.php?rest_route=%2Fwp%2Fv2%2Ftags&post=1630"}],"curies":[{"name":"wp","href":"https:\/\/api.w.org\/{rel}","templated":true}]}}