{"id":1428,"date":"2018-10-31T11:19:16","date_gmt":"2018-10-31T09:19:16","guid":{"rendered":"http:\/\/contratacion.almunecar.es\/?p=1428"},"modified":"2018-10-31T11:22:01","modified_gmt":"2018-10-31T09:22:01","slug":"expte-178-18-gestiona-8426-18-reutilizacion-de-aguas-depuradas-de-la-edar-para-riego-de-cultivo-consistente-en-instalar-un-tramo-de-tuberia-y-deposito-de-agua-en-pozo-s-andres-tramo-tercero","status":"publish","type":"post","link":"https:\/\/contratacion.almunecar.es\/?p=1428","title":{"rendered":"Expte. 178\/18 Gestiona 8426\/18 Reutilizaci\u00f3n de aguas depuradas de la EDAR para riego de cultivo, consistente en instalar un tramo de tuber\u00eda y dep\u00f3sito de agua en Pozo S. Andr\u00e9s (Tramo Tercero)"},"content":{"rendered":"<p><a href=\"http:\/\/contratacion.almunecar.es\/wp-content\/uploads\/2018\/10\/20181026_INFORME-DE-NECESIDAD-SUSTITUCION-obras-de-reutilizacion-de-aguas-de-la-EDAR.pdf\">20181026_INFORME DE NECESIDAD SUSTITUCION obras de reutilizacion de aguas de la EDAR<\/a><a href=\"http:\/\/contratacion.almunecar.es\/wp-content\/uploads\/2018\/10\/20181026_MEMORIA-IIIFASE-REUTILIZACION-DE-AGUAS-DE-LA-EDAR-1.pdf\">20181026_MEMORIA IIIFASE REUTILIZACION DE AGUAS DE LA EDAR (1)<\/a><\/p>\n","protected":false},"excerpt":{"rendered":"<p>20181026_INFORME DE NECESIDAD SUSTITUCION obras de reutilizacion de aguas de la EDAR20181026_MEMORIA IIIFASE REUTILIZACION DE AGUAS DE LA EDAR (1)<\/p>\n","protected":false},"author":4,"featured_media":0,"comment_status":"closed","ping_status":"closed","sticky":false,"template":"","format":"standard","meta":{"_acf_changed":false,"footnotes":""},"categories":[10,4],"tags":[],"class_list":["post-1428","post","type-post","status-publish","format-standard","hentry","category-menores","category-licitacion"],"acf":[],"_links":{"self":[{"href":"https:\/\/contratacion.almunecar.es\/index.php?rest_route=\/wp\/v2\/posts\/1428","targetHints":{"allow":["GET"]}}],"collection":[{"href":"https:\/\/contratacion.almunecar.es\/index.php?rest_route=\/wp\/v2\/posts"}],"about":[{"href":"https:\/\/contratacion.almunecar.es\/index.php?rest_route=\/wp\/v2\/types\/post"}],"author":[{"embeddable":true,"href":"https:\/\/contratacion.almunecar.es\/index.php?rest_route=\/wp\/v2\/users\/4"}],"replies":[{"embeddable":true,"href":"https:\/\/contratacion.almunecar.es\/index.php?rest_route=%2Fwp%2Fv2%2Fcomments&post=1428"}],"version-history":[{"count":3,"href":"https:\/\/contratacion.almunecar.es\/index.php?rest_route=\/wp\/v2\/posts\/1428\/revisions"}],"predecessor-version":[{"id":1432,"href":"https:\/\/contratacion.almunecar.es\/index.php?rest_route=\/wp\/v2\/posts\/1428\/revisions\/1432"}],"wp:attachment":[{"href":"https:\/\/contratacion.almunecar.es\/index.php?rest_route=%2Fwp%2Fv2%2Fmedia&parent=1428"}],"wp:term":[{"taxonomy":"category","embeddable":true,"href":"https:\/\/contratacion.almunecar.es\/index.php?rest_route=%2Fwp%2Fv2%2Fcategories&post=1428"},{"taxonomy":"post_tag","embeddable":true,"href":"https:\/\/contratacion.almunecar.es\/index.php?rest_route=%2Fwp%2Fv2%2Ftags&post=1428"}],"curies":[{"name":"wp","href":"https:\/\/api.w.org\/{rel}","templated":true}]}}