{"id":1370,"date":"2018-10-23T13:51:17","date_gmt":"2018-10-23T11:51:17","guid":{"rendered":"http:\/\/contratacion.almunecar.es\/?p=1370"},"modified":"2018-10-23T13:51:17","modified_gmt":"2018-10-23T11:51:17","slug":"expte-171-18-gestiona-8269-18-concepto-suministro-de-caseta-prefabricada-para-equipamiento-del-solar-municipal-acondicionado-para-deposito-de-vehiculos-retirados-de-la-via-publica","status":"publish","type":"post","link":"https:\/\/contratacion.almunecar.es\/?p=1370","title":{"rendered":"Expte. 171\/18 Gestiona 8269\/18 Concepto suministro de caseta prefabricada para equipamiento del solar municipal acondicionado para dep\u00f3sito de veh\u00edculos retirados de la v\u00eda p\u00fablica"},"content":{"rendered":"<p><a href=\"http:\/\/contratacion.almunecar.es\/wp-content\/uploads\/2018\/10\/20181022_Informe-motivacion-contrataci\u00f3n-caseta-prefabricada-para-solar-de-veh\u00edculos-retirados-por-la-gr\u00faa-exp.-18.pdf\">20181022_Informe motivacion contrataci\u00f3n caseta prefabricada para solar de veh\u00edculos retirados por la gr\u00faa exp. -18<\/a><\/p>\n","protected":false},"excerpt":{"rendered":"<p>20181022_Informe motivacion contrataci\u00f3n caseta prefabricada para solar de veh\u00edculos retirados por la gr\u00faa exp. -18<\/p>\n","protected":false},"author":4,"featured_media":0,"comment_status":"closed","ping_status":"closed","sticky":false,"template":"","format":"standard","meta":{"_acf_changed":false,"footnotes":""},"categories":[10,4],"tags":[],"class_list":["post-1370","post","type-post","status-publish","format-standard","hentry","category-menores","category-licitacion"],"acf":[],"_links":{"self":[{"href":"https:\/\/contratacion.almunecar.es\/index.php?rest_route=\/wp\/v2\/posts\/1370","targetHints":{"allow":["GET"]}}],"collection":[{"href":"https:\/\/contratacion.almunecar.es\/index.php?rest_route=\/wp\/v2\/posts"}],"about":[{"href":"https:\/\/contratacion.almunecar.es\/index.php?rest_route=\/wp\/v2\/types\/post"}],"author":[{"embeddable":true,"href":"https:\/\/contratacion.almunecar.es\/index.php?rest_route=\/wp\/v2\/users\/4"}],"replies":[{"embeddable":true,"href":"https:\/\/contratacion.almunecar.es\/index.php?rest_route=%2Fwp%2Fv2%2Fcomments&post=1370"}],"version-history":[{"count":2,"href":"https:\/\/contratacion.almunecar.es\/index.php?rest_route=\/wp\/v2\/posts\/1370\/revisions"}],"predecessor-version":[{"id":1374,"href":"https:\/\/contratacion.almunecar.es\/index.php?rest_route=\/wp\/v2\/posts\/1370\/revisions\/1374"}],"wp:attachment":[{"href":"https:\/\/contratacion.almunecar.es\/index.php?rest_route=%2Fwp%2Fv2%2Fmedia&parent=1370"}],"wp:term":[{"taxonomy":"category","embeddable":true,"href":"https:\/\/contratacion.almunecar.es\/index.php?rest_route=%2Fwp%2Fv2%2Fcategories&post=1370"},{"taxonomy":"post_tag","embeddable":true,"href":"https:\/\/contratacion.almunecar.es\/index.php?rest_route=%2Fwp%2Fv2%2Ftags&post=1370"}],"curies":[{"name":"wp","href":"https:\/\/api.w.org\/{rel}","templated":true}]}}