{"id":1173,"date":"2018-09-21T09:30:37","date_gmt":"2018-09-21T07:30:37","guid":{"rendered":"http:\/\/contratacion.almunecar.es\/?p=1173"},"modified":"2018-09-21T09:30:37","modified_gmt":"2018-09-21T07:30:37","slug":"expte-161-18-raspado-y-picado-del-revetimiento-para-enfoscado-en-los-parametros-verticales-del-cementerio-de-almunecar-300-m2","status":"publish","type":"post","link":"https:\/\/contratacion.almunecar.es\/?p=1173","title":{"rendered":"Expte. 161\/18 Raspado y picado del revetimiento para enfoscado en los par\u00e1metros verticales del cementerio de Almu\u00f1\u00e9car (300 m2)"},"content":{"rendered":"<p><a href=\"http:\/\/contratacion.almunecar.es\/wp-content\/uploads\/2018\/09\/REVESTIMIENTOS-PAREDES-CEMENTERIO-MUNICIPAL.pdf\">REVESTIMIENTOS PAREDES CEMENTERIO MUNICIPAL<\/a><\/p>\n","protected":false},"excerpt":{"rendered":"<p>REVESTIMIENTOS PAREDES CEMENTERIO MUNICIPAL<\/p>\n","protected":false},"author":4,"featured_media":0,"comment_status":"closed","ping_status":"closed","sticky":false,"template":"","format":"standard","meta":{"_acf_changed":false,"footnotes":""},"categories":[3,10,4],"tags":[],"class_list":["post-1173","post","type-post","status-publish","format-standard","hentry","category-anuncio","category-menores","category-licitacion"],"acf":[],"_links":{"self":[{"href":"https:\/\/contratacion.almunecar.es\/index.php?rest_route=\/wp\/v2\/posts\/1173","targetHints":{"allow":["GET"]}}],"collection":[{"href":"https:\/\/contratacion.almunecar.es\/index.php?rest_route=\/wp\/v2\/posts"}],"about":[{"href":"https:\/\/contratacion.almunecar.es\/index.php?rest_route=\/wp\/v2\/types\/post"}],"author":[{"embeddable":true,"href":"https:\/\/contratacion.almunecar.es\/index.php?rest_route=\/wp\/v2\/users\/4"}],"replies":[{"embeddable":true,"href":"https:\/\/contratacion.almunecar.es\/index.php?rest_route=%2Fwp%2Fv2%2Fcomments&post=1173"}],"version-history":[{"count":2,"href":"https:\/\/contratacion.almunecar.es\/index.php?rest_route=\/wp\/v2\/posts\/1173\/revisions"}],"predecessor-version":[{"id":1177,"href":"https:\/\/contratacion.almunecar.es\/index.php?rest_route=\/wp\/v2\/posts\/1173\/revisions\/1177"}],"wp:attachment":[{"href":"https:\/\/contratacion.almunecar.es\/index.php?rest_route=%2Fwp%2Fv2%2Fmedia&parent=1173"}],"wp:term":[{"taxonomy":"category","embeddable":true,"href":"https:\/\/contratacion.almunecar.es\/index.php?rest_route=%2Fwp%2Fv2%2Fcategories&post=1173"},{"taxonomy":"post_tag","embeddable":true,"href":"https:\/\/contratacion.almunecar.es\/index.php?rest_route=%2Fwp%2Fv2%2Ftags&post=1173"}],"curies":[{"name":"wp","href":"https:\/\/api.w.org\/{rel}","templated":true}]}}