{"id":1129,"date":"2018-09-12T10:09:53","date_gmt":"2018-09-12T08:09:53","guid":{"rendered":"http:\/\/contratacion.almunecar.es\/?p=1129"},"modified":"2019-05-27T08:46:20","modified_gmt":"2019-05-27T06:46:20","slug":"expte-38-2018-gest-5690-18-concesion-servicio-de-recogida-y-transporte-de-residuos-solidos-urbanos-limpieza-viaria-y-de-playas","status":"publish","type":"post","link":"https:\/\/contratacion.almunecar.es\/?p=1129","title":{"rendered":"EXPTE. 38\/2018 GEST 5690\/18 CONCESI\u00d3N SERVICIO DE RECOGIDA Y TRANSPORTE DE RESIDUOS S\u00d3LIDOS URBANOS, LIMPIEZA VIARIA Y DE PLAYAS"},"content":{"rendered":"<p><a href=\"http:\/\/contratacion.almunecar.es\/wp-content\/uploads\/2018\/09\/Expte.-38-2018-Publicaci\u00f3n-BOP-Servicio-de-Recogida-y-transpotes-Residuos-S\u00f3lidos-limpieza-de-playas.pdf\">Expte. 38-2018 Publicaci\u00f3n BOP Servicio de Recogida y transpotes Residuos S\u00f3lidos, limpieza de playas<\/a><\/p>\n<p><a href=\"http:\/\/contratacion.almunecar.es\/wp-content\/uploads\/2018\/09\/Expte.-5690-18-Certificaci\u00f3n-A.-Pleno-S.-recogida-residuos-s\u00f3lidos-urbanos.pdf\">Expte. 5690-18 Certificaci\u00f3n A. Pleno S. recogida residuos s\u00f3lidos urbanos<\/a><\/p>\n<p><a href=\"http:\/\/contratacion.almunecar.es\/wp-content\/uploads\/2018\/09\/20180828_MEMORIA-JUSTIFICATIVA-SERVICIO-DE-LIMPIEZA.pdf\">20180828_MEMORIA JUSTIFICATIVA SERVICIO DE LIMPIEZA<\/a><\/p>\n<p><a href=\"http:\/\/contratacion.almunecar.es\/wp-content\/uploads\/2018\/09\/20180808_PCT-SERVICIO-DE-LIMPIEZA.pdf\">20180808_PCT SERVICIO DE LIMPIEZA<\/a><\/p>\n<p><a href=\"http:\/\/contratacion.almunecar.es\/wp-content\/uploads\/2018\/09\/20180821_PCPA-SERVICIO-DE-LIMPIEZA.pdf\">20180821_PCPA SERVICIO DE LIMPIEZA<\/a><\/p>\n<p><a href=\"http:\/\/contratacion.almunecar.es\/wp-content\/uploads\/2018\/09\/PUBLICACI\u00d3N-DIARIO-OFICIAL-DE-LA-UNI\u00d3N-EUROPEA.pdf\">PUBLICACI\u00d3N DIARIO OFICIAL DE LA UNI\u00d3N EUROPEA<\/a><\/p>\n<p><a href=\"http:\/\/contratacion.almunecar.es\/wp-content\/uploads\/2018\/09\/PUBLICACI\u00d3N-ANUNCIO-PLATAFORMA-DE-CONTRATACION.pdf\">PUBLICACI\u00d3N ANUNCIO PLATAFORMA DE CONTRATACION<\/a><\/p>\n<p><a href=\"http:\/\/contratacion.almunecar.es\/wp-content\/uploads\/2018\/09\/PUBLICACI\u00d3N-PLIEGOS-EN-PLATAFORMA-DE-CONTRATACI\u00d3N.pdf\">PUBLICACI\u00d3N PLIEGOS EN PLATAFORMA DE CONTRATACI\u00d3N<\/a><\/p>\n<p><a href=\"http:\/\/contratacion.almunecar.es\/wp-content\/uploads\/2018\/09\/F\u00d3RMULA-PARA-VALORACI\u00d3N-OFERTA-ECON\u00d3MICA.docx\">F\u00d3RMULA PARA VALORACI\u00d3N OFERTA ECON\u00d3MICA<\/a><\/p>\n<p><a href=\"http:\/\/contratacion.almunecar.es\/wp-content\/uploads\/2018\/09\/20180914_ACLARACI\u00d3N-PLIEGO-T\u00c9CNICO..pdf\">20180914_ACLARACI\u00d3N PLIEGO T\u00c9CNICO.<\/a><\/p>\n<p><a href=\"http:\/\/contratacion.almunecar.es\/wp-content\/uploads\/2018\/09\/20180914_\u00c1MBITO-DE-RECOGIDA-DIARIA-Y-LIMPIEZA-VIARIA-1.pdf\">20180914_\u00c1MBITO DE RECOGIDA DIARIA Y LIMPIEZA VIARIA 1<\/a><\/p>\n<p><a href=\"http:\/\/contratacion.almunecar.es\/wp-content\/uploads\/2018\/09\/20180914_\u00c1MBITO-DE-RECOGIDA-DIARIA-Y-LIMPIEZA-VIARIA-2.pdf\">20180914_\u00c1MBITO DE RECOGIDA DIARIA Y LIMPIEZA VIARIA 2<\/a><\/p>\n<p><a href=\"http:\/\/contratacion.almunecar.es\/wp-content\/uploads\/2018\/09\/20180914_\u00c1MBITO-DE-RECOGIDA-DIARIA-Y-LIMPIEZA-VIARIA-3.pdf\">20180914_\u00c1MBITO DE RECOGIDA DIARIA Y LIMPIEZA VIARIA 3<\/a><\/p>\n<p><a href=\"http:\/\/contratacion.almunecar.es\/wp-content\/uploads\/2018\/09\/Visita-maquinaria-16.10.18.pdf\">Visita maquinaria 16.10.18<\/a><\/p>\n<p><a href=\"http:\/\/contratacion.almunecar.es\/wp-content\/uploads\/2018\/09\/20181004_RESPUESTAS-1.pdf\">20181004_RESPUESTAS 1<\/a><\/p>\n<p><a href=\"http:\/\/contratacion.almunecar.es\/wp-content\/uploads\/2018\/09\/ANEXO-CONTENEDORES-SECTORIALES-Y-RRR-1-1.pdf\">ANEXO CONTENEDORES SECTORIALES Y RRR-1<\/a><\/p>\n<p><a href=\"http:\/\/contratacion.almunecar.es\/wp-content\/uploads\/2018\/09\/ANEXO-8.pdf\">ANEXO 8<\/a><\/p>\n<p><a href=\"http:\/\/contratacion.almunecar.es\/wp-content\/uploads\/2018\/09\/20181016_RESPUESTAS-2.pdf\">20181016_RESPUESTAS 2<\/a><\/p>\n<p><a href=\"http:\/\/contratacion.almunecar.es\/wp-content\/uploads\/2018\/09\/20181016_RESPUESTAS-3.pdf\">20181016_RESPUESTAS 3<\/a><\/p>\n<p><a href=\"http:\/\/contratacion.almunecar.es\/wp-content\/uploads\/2018\/09\/20181025_RESPUESTA-4.pdf\">20181025_RESPUESTA 4<\/a><\/p>\n<p><a href=\"http:\/\/contratacion.almunecar.es\/wp-content\/uploads\/2018\/09\/20181016_RESPUESTAS-5.pdf\">20181016_RESPUESTAS 5<\/a><\/p>\n<p><a href=\"http:\/\/contratacion.almunecar.es\/wp-content\/uploads\/2018\/09\/20181025_RESPUESTA-6.pdf\">20181025_RESPUESTA 6<\/a><\/p>\n<p><a href=\"http:\/\/contratacion.almunecar.es\/wp-content\/uploads\/2018\/09\/20181023_RESPUESTAS-7.pdf\">20181023_RESPUESTAS 7<\/a><\/p>\n<p><a href=\"http:\/\/contratacion.almunecar.es\/wp-content\/uploads\/2018\/09\/20181025_RESPUESTA-8.pdf\">20181025_RESPUESTA 8<\/a><\/p>\n<p><a href=\"http:\/\/contratacion.almunecar.es\/wp-content\/uploads\/2018\/09\/20181028_RESPUESTAS-9.pdf\">20181028_RESPUESTAS 9<\/a><\/p>\n<p><a href=\"http:\/\/contratacion.almunecar.es\/wp-content\/uploads\/2018\/09\/20181028_RESPUESTAS-10.pdf\">20181028_RESPUESTAS 10<\/a><\/p>\n<p><a href=\"http:\/\/contratacion.almunecar.es\/wp-content\/uploads\/2018\/09\/20181102_RESPUESTA-11.pdf\">20181102_RESPUESTA 11<\/a><\/p>\n<p><a href=\"http:\/\/contratacion.almunecar.es\/wp-content\/uploads\/2018\/09\/20181102_RESPUESTA-12.pdf\">20181102_RESPUESTA 12<\/a><\/p>\n<p><a href=\"http:\/\/contratacion.almunecar.es\/wp-content\/uploads\/2018\/09\/20181109_CITACION-MESA-DE-CONTRATACION-20-11-2018.pdf\">20181109_CITACION MESA DE CONTRATACION 20-11-2018<\/a><\/p>\n<p><a href=\"http:\/\/contratacion.almunecar.es\/wp-content\/uploads\/2018\/11\/Citaci\u00f3n-Mesa-Contrataci\u00f3n-5-2-2019.pdf\">Citaci\u00f3n Mesa Contrataci\u00f3n 5-2-2019<\/a><\/p>\n<p><a href=\"http:\/\/contratacion.almunecar.es\/wp-content\/uploads\/2018\/09\/Informe-T\u00e9cnico-sobre-valoraci\u00f3n-criterios-subjetivos..pdf\">Informe T\u00e9cnico sobre valoraci\u00f3n criterios subjetivos.<\/a><\/p>\n<p><a href=\"http:\/\/contratacion.almunecar.es\/wp-content\/uploads\/2018\/09\/CERTIFICADOSPLENOOrd.-20Adjudicaci\u00f3n-S.Limpieza.pdf\">CERTIFICADOSPLENO;Ord. 20;Adjudicaci\u00f3n S.Limpieza<\/a><\/p>\n<p><a href=\"http:\/\/contratacion.almunecar.es\/wp-content\/uploads\/2018\/09\/Resoluci\u00f3n-Adjudicaci\u00f3n-Definitiva-DECRETO-2019-0940.pdf\">Resoluci\u00f3n Adjudicaci\u00f3n Definitiva DECRETO 2019-0940<\/a><\/p>\n<p>25\/04\/2019<a href=\"http:\/\/contratacion.almunecar.es\/wp-content\/uploads\/2018\/09\/Suspensi\u00f3n-Acuerdo-de-Adjudicaci\u00f3n-por-la-interposici\u00f3n-de-RECA.pdf\">Suspensi\u00f3n Acuerdo de Adjudicaci\u00f3n por la interposici\u00f3n de RECA<\/a><\/p>\n<p>17\/05\/2019<a href=\"http:\/\/contratacion.almunecar.es\/wp-content\/uploads\/2018\/09\/notificaci\u00f3n-resoluci\u00f3n-5-19-de-17-de-mayo.pdf\">Resoluci\u00f3n Tribunal de Recursos Contractuales ,notificaci\u00f3n resoluci\u00f3n 5-19, de 17 de mayo<\/a><\/p>\n<p>27\/05\/2019<a href=\"https:\/\/contratacion.almunecar.es\/wp-content\/uploads\/2018\/09\/Plataforma-de-Contrataci\u00f3n-Formalizaci\u00f3n.pdf\">Plataforma de Contrataci\u00f3n &#8211; Formalizaci\u00f3n<\/a><\/p>\n","protected":false},"excerpt":{"rendered":"<p>Expte. 38-2018 Publicaci\u00f3n BOP Servicio de Recogida y transpotes Residuos S\u00f3lidos, limpieza de playas Expte. 5690-18 Certificaci\u00f3n A. Pleno S. recogida residuos s\u00f3lidos urbanos 20180828_MEMORIA JUSTIFICATIVA SERVICIO DE LIMPIEZA 20180808_PCT SERVICIO DE LIMPIEZA 20180821_PCPA SERVICIO DE LIMPIEZA PUBLICACI\u00d3N DIARIO OFICIAL DE LA UNI\u00d3N EUROPEA PUBLICACI\u00d3N ANUNCIO PLATAFORMA DE CONTRATACION PUBLICACI\u00d3N PLIEGOS EN PLATAFORMA DE CONTRATACI\u00d3N&hellip; <br \/> <a class=\"button small blue\" href=\"https:\/\/contratacion.almunecar.es\/?p=1129\">Leer m\u00e1s<\/a><\/p>\n","protected":false},"author":2,"featured_media":0,"comment_status":"closed","ping_status":"closed","sticky":false,"template":"","format":"standard","meta":{"_acf_changed":false,"footnotes":""},"categories":[5,2,7,12,4],"tags":[],"class_list":["post-1129","post","type-post","status-publish","format-standard","hentry","category-adjudicacion_final","category-estado","category-formalizacion","category-formalizacion-de-contrato","category-licitacion"],"acf":[],"_links":{"self":[{"href":"https:\/\/contratacion.almunecar.es\/index.php?rest_route=\/wp\/v2\/posts\/1129","targetHints":{"allow":["GET"]}}],"collection":[{"href":"https:\/\/contratacion.almunecar.es\/index.php?rest_route=\/wp\/v2\/posts"}],"about":[{"href":"https:\/\/contratacion.almunecar.es\/index.php?rest_route=\/wp\/v2\/types\/post"}],"author":[{"embeddable":true,"href":"https:\/\/contratacion.almunecar.es\/index.php?rest_route=\/wp\/v2\/users\/2"}],"replies":[{"embeddable":true,"href":"https:\/\/contratacion.almunecar.es\/index.php?rest_route=%2Fwp%2Fv2%2Fcomments&post=1129"}],"version-history":[{"count":31,"href":"https:\/\/contratacion.almunecar.es\/index.php?rest_route=\/wp\/v2\/posts\/1129\/revisions"}],"predecessor-version":[{"id":2211,"href":"https:\/\/contratacion.almunecar.es\/index.php?rest_route=\/wp\/v2\/posts\/1129\/revisions\/2211"}],"wp:attachment":[{"href":"https:\/\/contratacion.almunecar.es\/index.php?rest_route=%2Fwp%2Fv2%2Fmedia&parent=1129"}],"wp:term":[{"taxonomy":"category","embeddable":true,"href":"https:\/\/contratacion.almunecar.es\/index.php?rest_route=%2Fwp%2Fv2%2Fcategories&post=1129"},{"taxonomy":"post_tag","embeddable":true,"href":"https:\/\/contratacion.almunecar.es\/index.php?rest_route=%2Fwp%2Fv2%2Ftags&post=1129"}],"curies":[{"name":"wp","href":"https:\/\/api.w.org\/{rel}","templated":true}]}}