{"id":10707,"date":"2026-01-28T12:03:37","date_gmt":"2026-01-28T10:03:37","guid":{"rendered":"https:\/\/contratacion.almunecar.es\/?p=10707"},"modified":"2026-04-24T08:44:12","modified_gmt":"2026-04-24T06:44:12","slug":"expte-126-2025-gest-10614-2025-suministro-de-contenedores-de-fraccion-organica-para-el-municipio-de-almunecar-proyecto-financiado-en-su-totalidad-con-fondos-next-generation-eu-a-traves-de-los-p","status":"publish","type":"post","link":"https:\/\/contratacion.almunecar.es\/?p=10707","title":{"rendered":"Expte. 126\/2025 (Gest 10614\/2025). Suministro de contenedores de fracci\u00f3n org\u00e1nica para el municipio de Almu\u00f1\u00e9car. (Proyecto financiado en su totalidad con fondos NEXT GENERATION EU, a trav\u00e9s de los Planes de Sostenibilidad ambiental y econom\u00eda circular \u2013 Convocatoria para el ejercicio 2024) en el marco del Plan de Recuperaci\u00f3n, Transformaci\u00f3n y Resilencia-(LINEA 1, SUBL\u00cdNEA 1.1.)."},"content":{"rendered":"<p>28\/01\/2026 <a href=\"https:\/\/contratacion.almunecar.es\/wp-content\/uploads\/2026\/01\/INFORME-NECESIDAD-SUMINSTRO-DE-CONTENEDORES.pdf\">INFORME NECESIDAD SUMINSTRO DE CONTENEDORES<\/a><\/p>\n<p>28\/01\/2026 <a href=\"https:\/\/contratacion.almunecar.es\/wp-content\/uploads\/2026\/01\/INFORME-NO-LOTES-CONTENEDORES-ORGANICA.pdf\">INFORME NO LOTES CONTENEDORES ORGANICA<\/a><\/p>\n<p>28\/01\/2026 <a href=\"https:\/\/contratacion.almunecar.es\/wp-content\/uploads\/2026\/01\/MEMORIA-JUSTIFICATIVA-2.pdf\">MEMORIA JUSTIFICATIVA<\/a><\/p>\n<p>28\/01\/2026 <a href=\"https:\/\/contratacion.almunecar.es\/wp-content\/uploads\/2026\/01\/PPTP-CONTENEDORES-FRACCION-ORGANICA.pdf\">PPTP CONTENEDORES FRACCION ORGANICA<\/a><\/p>\n<p>28\/01\/2026 <a href=\"https:\/\/contratacion.almunecar.es\/wp-content\/uploads\/2026\/01\/PLIEGO-ADMINISTRATIVO-SUMINISTRO-CONTENEDORES.pdf\">PLIEGO ADMINISTRATIVO SUMINISTRO CONTENEDORES<\/a><\/p>\n<p>28\/01\/2026 <a href=\"https:\/\/contratacion.almunecar.es\/wp-content\/uploads\/2026\/01\/RA-APROB-E-INICIO-EXPTE-SUM-CONTENEDORES-ORG-PRTR.pdf\">RA APROB E INICIO EXPTE SUM CONTENEDORES ORG PRTR<\/a><\/p>\n<p>28\/01\/2026 <a href=\"https:\/\/contratacion.almunecar.es\/wp-content\/uploads\/2026\/01\/PLACSP-ANUNCIO-LICITACION-SUM-CONTENEDORES-ORGANICO.pdf\">PLACSP &#8211; ANUNCIO LICITACI\u00d3N SUM CONTENEDORES ORG\u00c1NICO<\/a><\/p>\n<p>28\/01\/2026 <a href=\"https:\/\/contratacion.almunecar.es\/wp-content\/uploads\/2026\/01\/PLACSP-DOCUMENTO-PLIEGOS-SUM-CONTENEDORES-ORGANICO.pdf\">PLACSP &#8211; DOCUMENTO PLIEGOS SUM CONTENEDORES ORG\u00c1NICO<\/a><\/p>\n<p>Las ofertas podr\u00e1n presentarse hasta el d\u00eda 13.02.2026, a las 11:00 horas. Para m\u00e1s informaci\u00f3n y presentaci\u00f3n de ofertas: <a href=\"https:\/\/contrataciondelestado.es\/wps\/poc?uri=deeplink:detalle_licitacion&amp;idEvl=UiNHuj9RRq%2FECtSnloz%2BZQ%3D%3D\">click aqu\u00ed<\/a><\/p>\n<p>12\/02\/2026 <a href=\"http:\/\/contratacion.almunecar.es\/wp-content\/uploads\/2026\/01\/CITACION-MESA-DE-CONTRATACION-2026-02-17.pdf\">CITACION MESA DE CONTRATACION 2026-02-17<\/a><\/p>\n<p>18\/02\/2026 <a href=\"http:\/\/contratacion.almunecar.es\/wp-content\/uploads\/2026\/01\/ACTA-MESA-DE-CONTRATACION-2026-02-17.pdf\">ACTA MESA DE CONTRATACION 2026-02-17<\/a><\/p>\n<p>23\/02\/2026 <a href=\"http:\/\/contratacion.almunecar.es\/wp-content\/uploads\/2026\/01\/CITACION-MESA-DE-CONTRATACION-2026-02-26.pdf\">CITACION MESA DE CONTRATACION 2026-02-26<\/a><\/p>\n<p>04\/03\/2026 <a href=\"http:\/\/contratacion.almunecar.es\/wp-content\/uploads\/2026\/01\/ACTA-MESA-DE-CONTRATACION-2026-02-26.pdf\">ACTA MESA DE CONTRATACION 2026-02-26<\/a><\/p>\n<p>11\/03\/2026 <a href=\"http:\/\/contratacion.almunecar.es\/wp-content\/uploads\/2026\/01\/RA-REQUER-DOC-SUM-CONTENEDORES-ORG-PRTR.pdf\">RA REQUER DOC SUM CONTENEDORES ORG PRTR<\/a><\/p>\n<p>11\/03\/2026 <a href=\"http:\/\/contratacion.almunecar.es\/wp-content\/uploads\/2026\/01\/PLACSP-REQUER-DOC-SUM-CONTENEDORES-ORG-PRTR-FORMATO-VERDE-SL.pdf\">PLACSP &#8211; REQUER DOC SUM CONTENEDORES ORG PRTR &#8211; FORMATO VERDE SL<\/a><\/p>\n<p>24\/04\/2026 <a href=\"http:\/\/contratacion.almunecar.es\/wp-content\/uploads\/2026\/01\/RA-ADJUDICACION-SUM-CONTENEDORES-ORG-PSTD.pdf\">RA ADJUDICACION SUM CONTENEDORES ORG PSTD<\/a><\/p>\n<p>24\/04\/2026 <a href=\"http:\/\/contratacion.almunecar.es\/wp-content\/uploads\/2026\/01\/PLACSP-ADJUDICACION-SUM-CONTENEDORES-ORG-PSTD.pdf\">PLACSP &#8211; ADJUDICACION SUM CONTENEDORES ORG PSTD<\/a><\/p>\n<p>&nbsp;<\/p>\n","protected":false},"excerpt":{"rendered":"<p>28\/01\/2026 INFORME NECESIDAD SUMINSTRO DE CONTENEDORES 28\/01\/2026 INFORME NO LOTES CONTENEDORES ORGANICA 28\/01\/2026 MEMORIA JUSTIFICATIVA 28\/01\/2026 PPTP CONTENEDORES FRACCION ORGANICA 28\/01\/2026 PLIEGO ADMINISTRATIVO SUMINISTRO CONTENEDORES 28\/01\/2026 RA APROB E INICIO EXPTE SUM CONTENEDORES ORG PRTR 28\/01\/2026 PLACSP &#8211; ANUNCIO LICITACI\u00d3N SUM CONTENEDORES ORG\u00c1NICO 28\/01\/2026 PLACSP &#8211; DOCUMENTO PLIEGOS SUM CONTENEDORES ORG\u00c1NICO Las ofertas podr\u00e1n presentarse&hellip; <br \/> <a class=\"button small blue\" href=\"https:\/\/contratacion.almunecar.es\/?p=10707\">Leer m\u00e1s<\/a><\/p>\n","protected":false},"author":5,"featured_media":0,"comment_status":"closed","ping_status":"closed","sticky":false,"template":"","format":"standard","meta":{"_acf_changed":false,"footnotes":""},"categories":[5,3,4],"tags":[],"class_list":["post-10707","post","type-post","status-publish","format-standard","hentry","category-adjudicacion_final","category-anuncio","category-licitacion"],"acf":[],"_links":{"self":[{"href":"https:\/\/contratacion.almunecar.es\/index.php?rest_route=\/wp\/v2\/posts\/10707","targetHints":{"allow":["GET"]}}],"collection":[{"href":"https:\/\/contratacion.almunecar.es\/index.php?rest_route=\/wp\/v2\/posts"}],"about":[{"href":"https:\/\/contratacion.almunecar.es\/index.php?rest_route=\/wp\/v2\/types\/post"}],"author":[{"embeddable":true,"href":"https:\/\/contratacion.almunecar.es\/index.php?rest_route=\/wp\/v2\/users\/5"}],"replies":[{"embeddable":true,"href":"https:\/\/contratacion.almunecar.es\/index.php?rest_route=%2Fwp%2Fv2%2Fcomments&post=10707"}],"version-history":[{"count":8,"href":"https:\/\/contratacion.almunecar.es\/index.php?rest_route=\/wp\/v2\/posts\/10707\/revisions"}],"predecessor-version":[{"id":11121,"href":"https:\/\/contratacion.almunecar.es\/index.php?rest_route=\/wp\/v2\/posts\/10707\/revisions\/11121"}],"wp:attachment":[{"href":"https:\/\/contratacion.almunecar.es\/index.php?rest_route=%2Fwp%2Fv2%2Fmedia&parent=10707"}],"wp:term":[{"taxonomy":"category","embeddable":true,"href":"https:\/\/contratacion.almunecar.es\/index.php?rest_route=%2Fwp%2Fv2%2Fcategories&post=10707"},{"taxonomy":"post_tag","embeddable":true,"href":"https:\/\/contratacion.almunecar.es\/index.php?rest_route=%2Fwp%2Fv2%2Ftags&post=10707"}],"curies":[{"name":"wp","href":"https:\/\/api.w.org\/{rel}","templated":true}]}}