{"id":10691,"date":"2026-01-22T14:11:38","date_gmt":"2026-01-22T12:11:38","guid":{"rendered":"https:\/\/contratacion.almunecar.es\/?p=10691"},"modified":"2026-01-22T14:14:49","modified_gmt":"2026-01-22T12:14:49","slug":"expte-10-2026-gestiona-no-270-2026-elaboracion-informe-tecnico-economico-sobre-reclamacion-indemnizacion-de-danos-y-perjuicios","status":"publish","type":"post","link":"https:\/\/contratacion.almunecar.es\/?p=10691","title":{"rendered":"EXPTE 10\/2026. (GESTIONA N\u00ba 270\/2026). ELABORACI\u00d3N INFORME T\u00c9CNICO-ECON\u00d3MICO SOBRE RECLAMACI\u00d3N INDEMNIZACI\u00d3N DE DA\u00d1OS Y PERJUICIOS."},"content":{"rendered":"<p>INFORME DE NECESIDAD.\u00a0<a href=\"https:\/\/contratacion.almunecar.es\/wp-content\/uploads\/2026\/01\/Informe-de-necesidad-1.pdf\">Informe de necesidad<\/a>.<\/p>\n<p>PROPUESTA DE GASTO.<a href=\"https:\/\/contratacion.almunecar.es\/wp-content\/uploads\/2026\/01\/PROPUESTA-DE-GASTO.pdf\">PROPUESTA DE GASTO<\/a>.<\/p>\n<p>&nbsp;<\/p>\n<p>LAS OFERTAS SE PRESENTAR\u00c1N\u00a0 DESDE EL D\u00cdA 22 DE ENERO HASTA EL 27 DE ENERO DEL 2026 A LAS 23:59 HORAS A TRAV\u00c9S DE LA SEDE ELECTR\u00d3NICA DEL AYUNTAMIENTO DE ALMU\u00d1ECAR.- TR\u00c1MITES.- PRESENTACI\u00d3N DE OFERTAS DE CONTRATOS MENORES. SE DEBE ADJUNTAR PRESUPUESTO.<\/p>\n","protected":false},"excerpt":{"rendered":"<p>INFORME DE NECESIDAD.\u00a0Informe de necesidad. PROPUESTA DE GASTO.PROPUESTA DE GASTO. &nbsp; LAS OFERTAS SE PRESENTAR\u00c1N\u00a0 DESDE EL D\u00cdA 22 DE ENERO HASTA EL 27 DE ENERO DEL 2026 A LAS 23:59 HORAS A TRAV\u00c9S DE LA SEDE ELECTR\u00d3NICA DEL AYUNTAMIENTO DE ALMU\u00d1ECAR.- TR\u00c1MITES.- PRESENTACI\u00d3N DE OFERTAS DE CONTRATOS MENORES. SE DEBE ADJUNTAR PRESUPUESTO.<\/p>\n","protected":false},"author":5,"featured_media":0,"comment_status":"closed","ping_status":"closed","sticky":false,"template":"","format":"standard","meta":{"_acf_changed":false,"footnotes":""},"categories":[3,10,4],"tags":[],"class_list":["post-10691","post","type-post","status-publish","format-standard","hentry","category-anuncio","category-menores","category-licitacion"],"acf":[],"_links":{"self":[{"href":"https:\/\/contratacion.almunecar.es\/index.php?rest_route=\/wp\/v2\/posts\/10691","targetHints":{"allow":["GET"]}}],"collection":[{"href":"https:\/\/contratacion.almunecar.es\/index.php?rest_route=\/wp\/v2\/posts"}],"about":[{"href":"https:\/\/contratacion.almunecar.es\/index.php?rest_route=\/wp\/v2\/types\/post"}],"author":[{"embeddable":true,"href":"https:\/\/contratacion.almunecar.es\/index.php?rest_route=\/wp\/v2\/users\/5"}],"replies":[{"embeddable":true,"href":"https:\/\/contratacion.almunecar.es\/index.php?rest_route=%2Fwp%2Fv2%2Fcomments&post=10691"}],"version-history":[{"count":3,"href":"https:\/\/contratacion.almunecar.es\/index.php?rest_route=\/wp\/v2\/posts\/10691\/revisions"}],"predecessor-version":[{"id":10696,"href":"https:\/\/contratacion.almunecar.es\/index.php?rest_route=\/wp\/v2\/posts\/10691\/revisions\/10696"}],"wp:attachment":[{"href":"https:\/\/contratacion.almunecar.es\/index.php?rest_route=%2Fwp%2Fv2%2Fmedia&parent=10691"}],"wp:term":[{"taxonomy":"category","embeddable":true,"href":"https:\/\/contratacion.almunecar.es\/index.php?rest_route=%2Fwp%2Fv2%2Fcategories&post=10691"},{"taxonomy":"post_tag","embeddable":true,"href":"https:\/\/contratacion.almunecar.es\/index.php?rest_route=%2Fwp%2Fv2%2Ftags&post=10691"}],"curies":[{"name":"wp","href":"https:\/\/api.w.org\/{rel}","templated":true}]}}