{"id":10657,"date":"2026-01-15T13:55:50","date_gmt":"2026-01-15T11:55:50","guid":{"rendered":"https:\/\/contratacion.almunecar.es\/?p=10657"},"modified":"2026-01-15T13:55:50","modified_gmt":"2026-01-15T11:55:50","slug":"expte-1-2026-gestiona-19-2026-talleres-de-envejecimiento-activo-y-entretenimiento-cognitivo-de-la-herradura","status":"publish","type":"post","link":"https:\/\/contratacion.almunecar.es\/?p=10657","title":{"rendered":"EXPTE 1\/2026. GESTIONA 19\/2026. TALLERES DE ENVEJECIMIENTO ACTIVO Y ENTRETENIMIENTO COGNITIVO DE LA HERRADURA"},"content":{"rendered":"<p><a href=\"https:\/\/contratacion.almunecar.es\/wp-content\/uploads\/2026\/01\/Informe-de-necesidad.pdf\">15\/01\/2026.\u00a0 INFORME DE NECESIDAD. Informe de necesidad<\/a><\/p>\n<p>15\/01\/2026. PROPUESTA DE GASTO.<a href=\"https:\/\/contratacion.almunecar.es\/wp-content\/uploads\/2026\/01\/Propuesta-de-gasto.pdf\">Propuesta de gasto<\/a>.<\/p>\n<p>&nbsp;<\/p>\n<p>LAS OFERTAS SE PRESENTAR\u00c1N A TRAV\u00c9S DE LA SEDE ELECTR\u00d3NICA DEL AYUNTAMIENTO DE ALMU\u00d1ECAR HASTA LAS 23:59 HORAS DEL D\u00cdA 20 DE ENERO DE 2026\u00a0 . TR\u00c1MITES. PRESENTACI\u00d3N DE OFERTAS DE CONTRATOS MENORES.\u00a0 SE DEBE\u00a0 ADJUNTAR PRESUPUESTO.<\/p>\n","protected":false},"excerpt":{"rendered":"<p>15\/01\/2026.\u00a0 INFORME DE NECESIDAD. Informe de necesidad 15\/01\/2026. PROPUESTA DE GASTO.Propuesta de gasto. &nbsp; LAS OFERTAS SE PRESENTAR\u00c1N A TRAV\u00c9S DE LA SEDE ELECTR\u00d3NICA DEL AYUNTAMIENTO DE ALMU\u00d1ECAR HASTA LAS 23:59 HORAS DEL D\u00cdA 20 DE ENERO DE 2026\u00a0 . TR\u00c1MITES. PRESENTACI\u00d3N DE OFERTAS DE CONTRATOS MENORES.\u00a0 SE DEBE\u00a0 ADJUNTAR PRESUPUESTO.<\/p>\n","protected":false},"author":5,"featured_media":0,"comment_status":"closed","ping_status":"closed","sticky":false,"template":"","format":"standard","meta":{"_acf_changed":false,"footnotes":""},"categories":[3,10,4],"tags":[],"class_list":["post-10657","post","type-post","status-publish","format-standard","hentry","category-anuncio","category-menores","category-licitacion"],"acf":[],"_links":{"self":[{"href":"https:\/\/contratacion.almunecar.es\/index.php?rest_route=\/wp\/v2\/posts\/10657","targetHints":{"allow":["GET"]}}],"collection":[{"href":"https:\/\/contratacion.almunecar.es\/index.php?rest_route=\/wp\/v2\/posts"}],"about":[{"href":"https:\/\/contratacion.almunecar.es\/index.php?rest_route=\/wp\/v2\/types\/post"}],"author":[{"embeddable":true,"href":"https:\/\/contratacion.almunecar.es\/index.php?rest_route=\/wp\/v2\/users\/5"}],"replies":[{"embeddable":true,"href":"https:\/\/contratacion.almunecar.es\/index.php?rest_route=%2Fwp%2Fv2%2Fcomments&post=10657"}],"version-history":[{"count":1,"href":"https:\/\/contratacion.almunecar.es\/index.php?rest_route=\/wp\/v2\/posts\/10657\/revisions"}],"predecessor-version":[{"id":10660,"href":"https:\/\/contratacion.almunecar.es\/index.php?rest_route=\/wp\/v2\/posts\/10657\/revisions\/10660"}],"wp:attachment":[{"href":"https:\/\/contratacion.almunecar.es\/index.php?rest_route=%2Fwp%2Fv2%2Fmedia&parent=10657"}],"wp:term":[{"taxonomy":"category","embeddable":true,"href":"https:\/\/contratacion.almunecar.es\/index.php?rest_route=%2Fwp%2Fv2%2Fcategories&post=10657"},{"taxonomy":"post_tag","embeddable":true,"href":"https:\/\/contratacion.almunecar.es\/index.php?rest_route=%2Fwp%2Fv2%2Ftags&post=10657"}],"curies":[{"name":"wp","href":"https:\/\/api.w.org\/{rel}","templated":true}]}}