{"id":10500,"date":"2025-11-28T13:02:23","date_gmt":"2025-11-28T11:02:23","guid":{"rendered":"https:\/\/contratacion.almunecar.es\/?p=10500"},"modified":"2025-11-28T13:03:10","modified_gmt":"2025-11-28T11:03:10","slug":"expte-179-2025-gest-14621-2025-adquisicion-material-policial-para-nuevas-incorporaciones-de-funcionarios-locales","status":"publish","type":"post","link":"https:\/\/contratacion.almunecar.es\/?p=10500","title":{"rendered":"Expte. 179\/2025 (Gest 14621\/2025). Adquisici\u00f3n material policial para nuevas incorporaciones de funcionarios locales."},"content":{"rendered":"<p>28\/11\/2025 <a href=\"https:\/\/contratacion.almunecar.es\/wp-content\/uploads\/2025\/11\/Informe-de-necesidad-MATERIAL-POLICIAL.pdf\">Informe de necesidad MATERIAL POLICIAL<\/a><\/p>\n<p><strong>Para presentaci\u00f3n de ofertas:\u00a0<\/strong><\/p>\n<p>SEDE ELECTR\u00d3NICA DEL AYUNTAMIENTO DE ALMU\u00d1\u00c9CAR &#8211; TR\u00c1MITES &#8211; CONTRATACI\u00d3N &#8211; PRESENTACI\u00d3N DE OFERTAS DE CONTRATOS MENORES<\/p>\n<p>Es obligatorio adjuntar el presupuesto.<\/p>\n","protected":false},"excerpt":{"rendered":"<p>28\/11\/2025 Informe de necesidad MATERIAL POLICIAL Para presentaci\u00f3n de ofertas:\u00a0 SEDE ELECTR\u00d3NICA DEL AYUNTAMIENTO DE ALMU\u00d1\u00c9CAR &#8211; TR\u00c1MITES &#8211; CONTRATACI\u00d3N &#8211; PRESENTACI\u00d3N DE OFERTAS DE CONTRATOS MENORES Es obligatorio adjuntar el presupuesto.<\/p>\n","protected":false},"author":5,"featured_media":0,"comment_status":"closed","ping_status":"closed","sticky":false,"template":"","format":"standard","meta":{"_acf_changed":false,"footnotes":""},"categories":[3,10,4],"tags":[],"class_list":["post-10500","post","type-post","status-publish","format-standard","hentry","category-anuncio","category-menores","category-licitacion"],"acf":[],"_links":{"self":[{"href":"https:\/\/contratacion.almunecar.es\/index.php?rest_route=\/wp\/v2\/posts\/10500","targetHints":{"allow":["GET"]}}],"collection":[{"href":"https:\/\/contratacion.almunecar.es\/index.php?rest_route=\/wp\/v2\/posts"}],"about":[{"href":"https:\/\/contratacion.almunecar.es\/index.php?rest_route=\/wp\/v2\/types\/post"}],"author":[{"embeddable":true,"href":"https:\/\/contratacion.almunecar.es\/index.php?rest_route=\/wp\/v2\/users\/5"}],"replies":[{"embeddable":true,"href":"https:\/\/contratacion.almunecar.es\/index.php?rest_route=%2Fwp%2Fv2%2Fcomments&post=10500"}],"version-history":[{"count":2,"href":"https:\/\/contratacion.almunecar.es\/index.php?rest_route=\/wp\/v2\/posts\/10500\/revisions"}],"predecessor-version":[{"id":10504,"href":"https:\/\/contratacion.almunecar.es\/index.php?rest_route=\/wp\/v2\/posts\/10500\/revisions\/10504"}],"wp:attachment":[{"href":"https:\/\/contratacion.almunecar.es\/index.php?rest_route=%2Fwp%2Fv2%2Fmedia&parent=10500"}],"wp:term":[{"taxonomy":"category","embeddable":true,"href":"https:\/\/contratacion.almunecar.es\/index.php?rest_route=%2Fwp%2Fv2%2Fcategories&post=10500"},{"taxonomy":"post_tag","embeddable":true,"href":"https:\/\/contratacion.almunecar.es\/index.php?rest_route=%2Fwp%2Fv2%2Ftags&post=10500"}],"curies":[{"name":"wp","href":"https:\/\/api.w.org\/{rel}","templated":true}]}}