{"id":10485,"date":"2025-11-26T15:19:48","date_gmt":"2025-11-26T13:19:48","guid":{"rendered":"https:\/\/contratacion.almunecar.es\/?p=10485"},"modified":"2026-01-15T14:10:16","modified_gmt":"2026-01-15T12:10:16","slug":"expte-18d-2025-gest-2611-2025-elaboracion-de-proyecto-y-ejecucion-de-obras-de-restauracion-de-revestimientos-afectados-en-el-palacete-de-la-najarra-de-almunecar-proyecto-subvencionado-por-la-junt","status":"publish","type":"post","link":"https:\/\/contratacion.almunecar.es\/?p=10485","title":{"rendered":"EXPTE. 18D\/2025 (GEST 2611\/2025): ELABORACI\u00d3N DE PROYECTO Y EJECUCI\u00d3N DE OBRAS DE RESTAURACI\u00d3N DE REVESTIMIENTOS AFECTADOS EN EL PALACETE DE LA NAJARRA DE ALMU\u00d1\u00c9CAR. PROYECTO SUBVENCIONADO POR LA JUNTA DE ANDALUC\u00cdA MEDIANTE RESOLUCI\u00d3N DE 21.06.2024 DE LA CONSEJER\u00cdA DE TURISMO, CULTURA Y DEPORTE (ANTIGUO LOTE 2 DEL EXPTE. 18C\/2025 &#8211; GEST 2611\/2025)."},"content":{"rendered":"<p>26\/11\/2025 <a href=\"https:\/\/contratacion.almunecar.es\/wp-content\/uploads\/2025\/11\/INFORME-DE-NECESIDAD-REVESTIMIENTOS-OBRAS-LA-NAJARRA.pdf\">INFORME DE NECESIDAD REVESTIMIENTOS OBRAS LA NAJARRA<\/a><\/p>\n<p>26\/11\/2025 <a href=\"https:\/\/contratacion.almunecar.es\/wp-content\/uploads\/2025\/11\/INFORME-LOTES-REVESTIMIENTOS-OBRAS-LA-NAJARRA.pdf\">INFORME LOTES REVESTIMIENTOS OBRAS LA NAJARRA<\/a><\/p>\n<p>26\/11\/2025 <a href=\"https:\/\/contratacion.almunecar.es\/wp-content\/uploads\/2025\/11\/CRITERIOS-VALOR-REVESTIMIENTOS-OBRAS-LA-NAJARRA.pdf\">CRITERIOS VALOR REVESTIMIENTOS OBRAS LA NAJARRA<\/a><\/p>\n<p>26\/11\/2025 <a href=\"https:\/\/contratacion.almunecar.es\/wp-content\/uploads\/2025\/11\/MEMORIA-JUSTIFICATIVA-REVESTIMIENTOS-OBRAS-LA-NAJARRA.pdf\">MEMORIA JUSTIFICATIVA REVESTIMIENTOS OBRAS LA NAJARRA<\/a><\/p>\n<p>26\/11\/2025 <a href=\"https:\/\/contratacion.almunecar.es\/wp-content\/uploads\/2025\/11\/PPTP-OBRAS-PALACETE-DE-LA-NAJARRA.pdf\">PPTP OBRAS PALACETE DE LA NAJARRA<\/a><\/p>\n<p>26\/11\/2025 <a href=\"https:\/\/contratacion.almunecar.es\/wp-content\/uploads\/2025\/11\/PCAP-OBRAS-PALACETE-NAJARRA.pdf\">PCAP OBRAS PALACETE NAJARRA<\/a><\/p>\n<p>26\/11\/2025 <a href=\"https:\/\/contratacion.almunecar.es\/wp-content\/uploads\/2025\/11\/RA-DECLARAC-DESIERTO-LOTE-2-E-INICIO-NUEVO-EXPTE.pdf\">RA DECLARAC DESIERTO LOTE 2 E INICIO NUEVO EXPTE<\/a><\/p>\n<p>26\/11\/2025 <a href=\"https:\/\/contratacion.almunecar.es\/wp-content\/uploads\/2025\/11\/PLACSP-ANUNCIO-DE-LICITACION-OBRAS-REVESTIMIENTOS-LA-NAJARRA.pdf\">PLACSP &#8211; ANUNCIO DE LICITACI\u00d3N OBRAS REVESTIMIENTOS LA NAJARRA<\/a><\/p>\n<p>26\/11\/2025 <a href=\"https:\/\/contratacion.almunecar.es\/wp-content\/uploads\/2025\/11\/PLACSP-DOCUMENTO-DE-PLIEGOS-OBRAS-REVESTIMIENTOS-LA-NAJARRA.pdf\">PLACSP &#8211; DOCUMENTO DE PLIEGOS OBRAS REVESTIMIENTOS LA NAJARRA<\/a><\/p>\n<p><strong>Las <u>ofertas\u00a0habr\u00e1n de presentarse a trav\u00e9s de la Herramienta de Preparaci\u00f3n y Presentaci\u00f3n de Ofertas de la Plataforma de Contrataci\u00f3n del Sector P\u00fablico<\/u>, <u>y podr\u00e1n presentarse hasta el 23\/12\/2025, 11:00 horas.<\/u><\/strong><\/p>\n<p><u>Enlace a la licitaci\u00f3n:<\/u><\/p>\n<p><a href=\"https:\/\/contrataciondelestado.es\/wps\/poc?uri=deeplink:detalle_licitacion&amp;idEvl=2C3JDxUfwgUtm4eBPtV6eQ%3D%3D\">https:\/\/contrataciondelestado.es\/wps\/poc?uri=deeplink:detalle_licitacion&amp;idEvl=2C3JDxUfwgUtm4eBPtV6eQ%3D%3D<\/a><\/p>\n<p>09\/01\/2026 <a href=\"https:\/\/contratacion.almunecar.es\/wp-content\/uploads\/2025\/11\/CITACION-MESA-DE-CONTRATACION-2026-01-14.pdf\">CITACION MESA DE CONTRATACION 2026-01-14<\/a><\/p>\n<p>15\/01\/2026 <a href=\"https:\/\/contratacion.almunecar.es\/wp-content\/uploads\/2025\/11\/ACTA-MESA-DE-CONTRATACION-2026-01-14.pdf\">ACTA MESA DE CONTRATACION 2026-01-14<\/a><\/p>\n<p>&nbsp;<\/p>\n","protected":false},"excerpt":{"rendered":"<p>26\/11\/2025 INFORME DE NECESIDAD REVESTIMIENTOS OBRAS LA NAJARRA 26\/11\/2025 INFORME LOTES REVESTIMIENTOS OBRAS LA NAJARRA 26\/11\/2025 CRITERIOS VALOR REVESTIMIENTOS OBRAS LA NAJARRA 26\/11\/2025 MEMORIA JUSTIFICATIVA REVESTIMIENTOS OBRAS LA NAJARRA 26\/11\/2025 PPTP OBRAS PALACETE DE LA NAJARRA 26\/11\/2025 PCAP OBRAS PALACETE NAJARRA 26\/11\/2025 RA DECLARAC DESIERTO LOTE 2 E INICIO NUEVO EXPTE 26\/11\/2025 PLACSP &#8211; ANUNCIO&hellip; <br \/> <a class=\"button small blue\" href=\"https:\/\/contratacion.almunecar.es\/?p=10485\">Leer m\u00e1s<\/a><\/p>\n","protected":false},"author":5,"featured_media":0,"comment_status":"closed","ping_status":"closed","sticky":false,"template":"","format":"standard","meta":{"_acf_changed":false,"footnotes":""},"categories":[3,4],"tags":[],"class_list":["post-10485","post","type-post","status-publish","format-standard","hentry","category-anuncio","category-licitacion"],"acf":[],"_links":{"self":[{"href":"https:\/\/contratacion.almunecar.es\/index.php?rest_route=\/wp\/v2\/posts\/10485","targetHints":{"allow":["GET"]}}],"collection":[{"href":"https:\/\/contratacion.almunecar.es\/index.php?rest_route=\/wp\/v2\/posts"}],"about":[{"href":"https:\/\/contratacion.almunecar.es\/index.php?rest_route=\/wp\/v2\/types\/post"}],"author":[{"embeddable":true,"href":"https:\/\/contratacion.almunecar.es\/index.php?rest_route=\/wp\/v2\/users\/5"}],"replies":[{"embeddable":true,"href":"https:\/\/contratacion.almunecar.es\/index.php?rest_route=%2Fwp%2Fv2%2Fcomments&post=10485"}],"version-history":[{"count":4,"href":"https:\/\/contratacion.almunecar.es\/index.php?rest_route=\/wp\/v2\/posts\/10485\/revisions"}],"predecessor-version":[{"id":10662,"href":"https:\/\/contratacion.almunecar.es\/index.php?rest_route=\/wp\/v2\/posts\/10485\/revisions\/10662"}],"wp:attachment":[{"href":"https:\/\/contratacion.almunecar.es\/index.php?rest_route=%2Fwp%2Fv2%2Fmedia&parent=10485"}],"wp:term":[{"taxonomy":"category","embeddable":true,"href":"https:\/\/contratacion.almunecar.es\/index.php?rest_route=%2Fwp%2Fv2%2Fcategories&post=10485"},{"taxonomy":"post_tag","embeddable":true,"href":"https:\/\/contratacion.almunecar.es\/index.php?rest_route=%2Fwp%2Fv2%2Ftags&post=10485"}],"curies":[{"name":"wp","href":"https:\/\/api.w.org\/{rel}","templated":true}]}}