{"id":10353,"date":"2025-11-05T15:32:44","date_gmt":"2025-11-05T13:32:44","guid":{"rendered":"https:\/\/contratacion.almunecar.es\/?p=10353"},"modified":"2026-04-13T10:28:17","modified_gmt":"2026-04-13T08:28:17","slug":"expte-166-2025-gest-13804-2025-obras-de-remodelacion-y-embellecimiento-del-paseo-maritimo-de-la-caletilla-en-almunecar","status":"publish","type":"post","link":"https:\/\/contratacion.almunecar.es\/?p=10353","title":{"rendered":"Expte. 166\/2025 (Gest 13804\/2025). Obras de remodelaci\u00f3n y embellecimiento del Paseo Mar\u00edtimo de La Caletilla, en Almu\u00f1\u00e9car."},"content":{"rendered":"<p>05\/11\/2025 <a href=\"https:\/\/contratacion.almunecar.es\/wp-content\/uploads\/2025\/11\/IM-Ejec-Obra-Remodelacion-Paseo-Caletilla.pdf\">IM Ejec Obra Remodelacion Paseo Caletilla<\/a><\/p>\n<p>05\/11\/2025 <a href=\"https:\/\/contratacion.almunecar.es\/wp-content\/uploads\/2025\/11\/MEMORIA-JUSTIFICATIVA-OBRAS-LA-CALETILLA.pdf\">MEMORIA JUSTIFICATIVA OBRAS LA CALETILLA<\/a><\/p>\n<p>05\/11\/2025 <a href=\"https:\/\/contratacion.almunecar.es\/wp-content\/uploads\/2025\/11\/Acta-Replanteo-Proyecto-Embellecimiento-Caletilla.pdf\">Acta Replanteo Proyecto Embellecimiento Caletilla<\/a><\/p>\n<p>05\/11\/2025 <a href=\"https:\/\/contratacion.almunecar.es\/wp-content\/uploads\/2025\/11\/PBE-PASEO-DE-LA-CALETILLA-PLANOS_F.pdf\">PBE PASEO DE LA CALETILLA &#8211; PLANOS_F<\/a><\/p>\n<p>05\/11\/2025 <a href=\"https:\/\/contratacion.almunecar.es\/wp-content\/uploads\/2025\/11\/PROYECTO-PBE-PASEO-DE-LA-CALETILLA_F.pdf\">PROYECTO PBE PASEO DE LA CALETILLA_F<\/a><\/p>\n<p>05\/11\/2025 <a href=\"https:\/\/contratacion.almunecar.es\/wp-content\/uploads\/2025\/11\/PLIEGO-ADMINISTRATIVO-OBRAS-PASEO-CALETILLA.pdf\">PLIEGO ADMINISTRATIVO OBRAS PASEO CALETILLA<\/a><\/p>\n<p>05\/11\/2025 <a href=\"https:\/\/contratacion.almunecar.es\/wp-content\/uploads\/2025\/11\/RA-APROB-E-INICIO-EXPTE-OBRAS-LA-CALETILLA.pdf\">RA APROB E INICIO EXPTE OBRAS LA CALETILLA<\/a><\/p>\n<p>05\/11\/2025 <a href=\"https:\/\/contratacion.almunecar.es\/wp-content\/uploads\/2025\/11\/PLACSP-ANUNCIO-LICITACION-OBRAS-LA-CALETILLA.pdf\">PLACSP &#8211; ANUNCIO LICITACI\u00d3N OBRAS LA CALETILLA<\/a><\/p>\n<p>05\/11\/2025 <a href=\"https:\/\/contratacion.almunecar.es\/wp-content\/uploads\/2025\/11\/PLACSP-DOCUMENTO-PLIEGOS-OBRAS-LA-CALETILLA.pdf\">PLACSP &#8211; DOCUMENTO PLIEGOS OBRAS LA CALETILLA<\/a><\/p>\n<p>Las ofertas podr\u00e1n presentarse hasta el d\u00eda 26\/11\/2025, a las 11:00 horas. Para m\u00e1s informaci\u00f3n y presentaci\u00f3n de ofertas: <a href=\"https:\/\/contrataciondelestado.es\/wps\/poc?uri=deeplink:detalle_licitacion&amp;idEvl=uxw6dtlC9CvIGlsa0Wad%2Bw%3D%3D\">click aqu\u00ed<\/a><\/p>\n<p>26\/11\/2025 <a href=\"https:\/\/contratacion.almunecar.es\/wp-content\/uploads\/2025\/11\/CITACION-MESA-DE-CONTRATACION-2025-12-01.pdf\">CITACION MESA DE CONTRATACION 2025-12-01<\/a><\/p>\n<p>04\/12\/2025 <a href=\"https:\/\/contratacion.almunecar.es\/wp-content\/uploads\/2025\/11\/ACTA-MESA-DE-CONTRATACION-2025-12-01.pdf\">ACTA MESA DE CONTRATACION 2025-12-01<\/a><\/p>\n<p>04\/12\/2025 <a href=\"https:\/\/contratacion.almunecar.es\/wp-content\/uploads\/2025\/11\/INFORME-TECNICO-PUNTUACIONES-OBRAS-LA-CALETILLA.pdf\">INFORME TECNICO PUNTUACIONES OBRAS LA CALETILLA<\/a><\/p>\n<p>04\/12\/2025 <a href=\"https:\/\/contratacion.almunecar.es\/wp-content\/uploads\/2025\/11\/CITACION-MESA-DE-CONTRATACION-2025-12-11.pdf\">CITACION MESA DE CONTRATACION 2025-12-11<\/a><\/p>\n<p>15\/12\/2025\u00a0<a href=\"https:\/\/contratacion.almunecar.es\/wp-content\/uploads\/2025\/11\/ACTA-MESA-DE-CONTRATACION-2025-12-11.pdf\">ACTA MESA DE CONTRATACION 2025-12-11<\/a><\/p>\n<p>14\/01\/2025 <a href=\"https:\/\/contratacion.almunecar.es\/wp-content\/uploads\/2025\/11\/R.A.-REQUER-DOC-OBRAS-PASEO-LA-CALETILLA.pdf\">R.A. REQUER DOC OBRAS PASEO LA CALETILLA<\/a><\/p>\n<p>14\/01\/2025 <a href=\"https:\/\/contratacion.almunecar.es\/wp-content\/uploads\/2025\/11\/PLACSP-REQUER-DOC-OBRAS-PASEO-LA-CALETILLA-1.pdf\">PLACSP &#8211; REQUER DOC OBRAS PASEO LA CALETILLA<\/a><\/p>\n<p>08\/04\/2026 <a href=\"http:\/\/contratacion.almunecar.es\/wp-content\/uploads\/2025\/11\/RA-ADJUDICACION-OBRAS-PASEO-LA-CALETILLA.pdf\">RA ADJUDICACION OBRAS PASEO LA CALETILLA<\/a><\/p>\n<p>08\/04\/2026 <a href=\"http:\/\/contratacion.almunecar.es\/wp-content\/uploads\/2025\/11\/PLACSP-ADJUDICACION-OBRAS-PASEO-LA-CALETILLA.pdf\">PLACSP &#8211; ADJUDICACION OBRAS PASEO LA CALETILLA<\/a><\/p>\n<p>13\/04\/2026 <a href=\"http:\/\/contratacion.almunecar.es\/wp-content\/uploads\/2025\/11\/PLACSP-FORMALIZACION-CONTRATO-OBRAS-PASEO-LA-CALETILLA.pdf\">PLACSP &#8211; FORMALIZACI\u00d3N CONTRATO OBRAS PASEO LA CALETILLA<\/a><\/p>\n<p>&nbsp;<\/p>\n<p>&nbsp;<\/p>\n<p>&nbsp;<\/p>\n","protected":false},"excerpt":{"rendered":"<p>05\/11\/2025 IM Ejec Obra Remodelacion Paseo Caletilla 05\/11\/2025 MEMORIA JUSTIFICATIVA OBRAS LA CALETILLA 05\/11\/2025 Acta Replanteo Proyecto Embellecimiento Caletilla 05\/11\/2025 PBE PASEO DE LA CALETILLA &#8211; PLANOS_F 05\/11\/2025 PROYECTO PBE PASEO DE LA CALETILLA_F 05\/11\/2025 PLIEGO ADMINISTRATIVO OBRAS PASEO CALETILLA 05\/11\/2025 RA APROB E INICIO EXPTE OBRAS LA CALETILLA 05\/11\/2025 PLACSP &#8211; ANUNCIO LICITACI\u00d3N OBRAS&hellip; <br \/> <a class=\"button small blue\" href=\"https:\/\/contratacion.almunecar.es\/?p=10353\">Leer m\u00e1s<\/a><\/p>\n","protected":false},"author":5,"featured_media":0,"comment_status":"closed","ping_status":"closed","sticky":false,"template":"","format":"standard","meta":{"_acf_changed":false,"footnotes":""},"categories":[5,3,7,12,4],"tags":[],"class_list":["post-10353","post","type-post","status-publish","format-standard","hentry","category-adjudicacion_final","category-anuncio","category-formalizacion","category-formalizacion-de-contrato","category-licitacion"],"acf":[],"_links":{"self":[{"href":"https:\/\/contratacion.almunecar.es\/index.php?rest_route=\/wp\/v2\/posts\/10353","targetHints":{"allow":["GET"]}}],"collection":[{"href":"https:\/\/contratacion.almunecar.es\/index.php?rest_route=\/wp\/v2\/posts"}],"about":[{"href":"https:\/\/contratacion.almunecar.es\/index.php?rest_route=\/wp\/v2\/types\/post"}],"author":[{"embeddable":true,"href":"https:\/\/contratacion.almunecar.es\/index.php?rest_route=\/wp\/v2\/users\/5"}],"replies":[{"embeddable":true,"href":"https:\/\/contratacion.almunecar.es\/index.php?rest_route=%2Fwp%2Fv2%2Fcomments&post=10353"}],"version-history":[{"count":11,"href":"https:\/\/contratacion.almunecar.es\/index.php?rest_route=\/wp\/v2\/posts\/10353\/revisions"}],"predecessor-version":[{"id":11054,"href":"https:\/\/contratacion.almunecar.es\/index.php?rest_route=\/wp\/v2\/posts\/10353\/revisions\/11054"}],"wp:attachment":[{"href":"https:\/\/contratacion.almunecar.es\/index.php?rest_route=%2Fwp%2Fv2%2Fmedia&parent=10353"}],"wp:term":[{"taxonomy":"category","embeddable":true,"href":"https:\/\/contratacion.almunecar.es\/index.php?rest_route=%2Fwp%2Fv2%2Fcategories&post=10353"},{"taxonomy":"post_tag","embeddable":true,"href":"https:\/\/contratacion.almunecar.es\/index.php?rest_route=%2Fwp%2Fv2%2Ftags&post=10353"}],"curies":[{"name":"wp","href":"https:\/\/api.w.org\/{rel}","templated":true}]}}