{"id":10348,"date":"2025-11-05T13:49:43","date_gmt":"2025-11-05T11:49:43","guid":{"rendered":"https:\/\/contratacion.almunecar.es\/?p=10348"},"modified":"2025-11-05T13:49:43","modified_gmt":"2025-11-05T11:49:43","slug":"expte-168-2025-gest-12434-2025-limpieza-solar-parcela-colindante-edificio-san-cecilio-almunecar-orden-de-ejecucion-dictada-por-resolucion-de-alcaldia-de-fecha-4-11-2024","status":"publish","type":"post","link":"https:\/\/contratacion.almunecar.es\/?p=10348","title":{"rendered":"Expte. 168\/2025 (Gest 12434\/2025). Limpieza solar parcela colindante Edificio San Cecilio Almu\u00f1\u00e9car Orden de ejecuci\u00f3n dictada por Resoluci\u00f3n de Alcald\u00eda de fecha 4.11.2024"},"content":{"rendered":"<p>05\/11\/2025 <a href=\"https:\/\/contratacion.almunecar.es\/wp-content\/uploads\/2025\/11\/Informe-de-necesidad.pdf\">Informe de necesidad<\/a><\/p>\n<p>05\/11\/2025 <a href=\"https:\/\/contratacion.almunecar.es\/wp-content\/uploads\/2025\/11\/Aprobacion-de-Gasto.pdf\">Aprobaci\u00f3n de Gasto<\/a><\/p>\n<p>Las ofertas se presentar\u00e1n a trav\u00e9s de la sede electr\u00f3nica del Ayuntamiento de Almu\u00f1ecar. Tr\u00e1mites. Presentaci\u00f3n de ofertas de contratos menores.<\/p>\n<p>Es obligatorio adjuntar presupuesto.<\/p>\n","protected":false},"excerpt":{"rendered":"<p>05\/11\/2025 Informe de necesidad 05\/11\/2025 Aprobaci\u00f3n de Gasto Las ofertas se presentar\u00e1n a trav\u00e9s de la sede electr\u00f3nica del Ayuntamiento de Almu\u00f1ecar. Tr\u00e1mites. Presentaci\u00f3n de ofertas de contratos menores. Es obligatorio adjuntar presupuesto.<\/p>\n","protected":false},"author":5,"featured_media":0,"comment_status":"closed","ping_status":"closed","sticky":false,"template":"","format":"standard","meta":{"_acf_changed":false,"footnotes":""},"categories":[3,10,4],"tags":[],"class_list":["post-10348","post","type-post","status-publish","format-standard","hentry","category-anuncio","category-menores","category-licitacion"],"acf":[],"_links":{"self":[{"href":"https:\/\/contratacion.almunecar.es\/index.php?rest_route=\/wp\/v2\/posts\/10348","targetHints":{"allow":["GET"]}}],"collection":[{"href":"https:\/\/contratacion.almunecar.es\/index.php?rest_route=\/wp\/v2\/posts"}],"about":[{"href":"https:\/\/contratacion.almunecar.es\/index.php?rest_route=\/wp\/v2\/types\/post"}],"author":[{"embeddable":true,"href":"https:\/\/contratacion.almunecar.es\/index.php?rest_route=\/wp\/v2\/users\/5"}],"replies":[{"embeddable":true,"href":"https:\/\/contratacion.almunecar.es\/index.php?rest_route=%2Fwp%2Fv2%2Fcomments&post=10348"}],"version-history":[{"count":2,"href":"https:\/\/contratacion.almunecar.es\/index.php?rest_route=\/wp\/v2\/posts\/10348\/revisions"}],"predecessor-version":[{"id":10352,"href":"https:\/\/contratacion.almunecar.es\/index.php?rest_route=\/wp\/v2\/posts\/10348\/revisions\/10352"}],"wp:attachment":[{"href":"https:\/\/contratacion.almunecar.es\/index.php?rest_route=%2Fwp%2Fv2%2Fmedia&parent=10348"}],"wp:term":[{"taxonomy":"category","embeddable":true,"href":"https:\/\/contratacion.almunecar.es\/index.php?rest_route=%2Fwp%2Fv2%2Fcategories&post=10348"},{"taxonomy":"post_tag","embeddable":true,"href":"https:\/\/contratacion.almunecar.es\/index.php?rest_route=%2Fwp%2Fv2%2Ftags&post=10348"}],"curies":[{"name":"wp","href":"https:\/\/api.w.org\/{rel}","templated":true}]}}