{"id":10240,"date":"2025-10-22T13:30:41","date_gmt":"2025-10-22T11:30:41","guid":{"rendered":"https:\/\/contratacion.almunecar.es\/?p=10240"},"modified":"2025-11-06T12:22:56","modified_gmt":"2025-11-06T10:22:56","slug":"expte-36-2025-gest-4376-2025-evento-granada-fest-almunecar-2025-financiado-100-por-diputacion-de-granada","status":"publish","type":"post","link":"https:\/\/contratacion.almunecar.es\/?p=10240","title":{"rendered":"Expte. 36\/2025 (Gest 4376\/2025). Evento \u00abGranada Fest Almu\u00f1\u00e9car 2025\u00bb. Financiado 100% por Diputaci\u00f3n de Granada."},"content":{"rendered":"<p>22\/10\/2025 <a href=\"https:\/\/contratacion.almunecar.es\/wp-content\/uploads\/2025\/10\/INFORME-MOTIVACION-NECESIDAD-GRANADA-FEST-ALMUNECAR-2025.pdf\">INFORME MOTIVACION NECESIDAD GRANADA FEST ALMUNECAR 2025<\/a><\/p>\n<p>22\/10\/2025 <a href=\"https:\/\/contratacion.almunecar.es\/wp-content\/uploads\/2025\/10\/INFORME-NO-DIVISION-LOTES-ESPECTACULO-GRANADA-FEST-ALMUNECAR.pdf\">INFORME NO DIVISION LOTES ESPECTACULO GRANADA FEST ALMUNECAR<\/a><\/p>\n<p>22\/10\/2025 <a href=\"https:\/\/contratacion.almunecar.es\/wp-content\/uploads\/2025\/10\/PPTP-GRANADA-FEST-ALMUNECAR.pdf\">PPTP GRANADA FEST ALMUNECAR<\/a><\/p>\n<p>22\/10\/2025 <a href=\"https:\/\/contratacion.almunecar.es\/wp-content\/uploads\/2025\/10\/PLIEGO-ADMINISTRATIVO-ESPECTACULO-GRANADA-FEST-ALMUNECAR-2025.pdf\">PLIEGO ADMINISTRATIVO ESPECTACULO GRANADA FEST ALMUNECAR 2025<\/a><\/p>\n<p>22\/10\/2025 <a href=\"https:\/\/contratacion.almunecar.es\/wp-content\/uploads\/2025\/10\/RA-APROB-E-INICIO-EXPTE-GRANADA-FEST-ALMUNECAR-2025.pdf\">RA APROB E INICIO EXPTE GRANADA FEST ALMUNECAR 2025<\/a><\/p>\n<p>22\/10\/2025 <a href=\"https:\/\/contratacion.almunecar.es\/wp-content\/uploads\/2025\/10\/PLACSP-ANUNCIO-LICITACION-GRANADA-FEST-ALMUNECAR-2025.pdf\">PLACSP &#8211; ANUNCIO LICITACI\u00d3N GRANADA FEST ALMUNECAR 2025<\/a><\/p>\n<p>22\/10\/2025 <a href=\"https:\/\/contratacion.almunecar.es\/wp-content\/uploads\/2025\/10\/PLACSP-DOCUMENTO-PLIEGOS-GRANADA-FEST-ALMUNECAR-2025.pdf\">PLACSP &#8211; DOCUMENTO PLIEGOS GRANADA FEST ALMUNECAR 2025<\/a><\/p>\n<p>Para m\u00e1s informaci\u00f3n y presentaci\u00f3n de ofertas: <a href=\"https:\/\/contrataciondelestado.es\/wps\/poc?uri=deeplink:detalle_licitacion&amp;idEvl=JzDxHg1xb58Xhk1FZxEyvw%3D%3D\">click aqu\u00ed.<\/a><\/p>\n<p>06\/11\/2025 <a href=\"https:\/\/contratacion.almunecar.es\/wp-content\/uploads\/2025\/10\/PLACSP-ADJUDICACION-GRANADA-FEST-2025.pdf\">PLACSP &#8211; ADJUDICACI\u00d3N GRANADA FEST 2025<\/a><\/p>\n<p>06\/11\/2025 <a href=\"https:\/\/contratacion.almunecar.es\/wp-content\/uploads\/2025\/10\/PLACSP-FORMALIZACION-GRANADA-FEST-2025.pdf\">PLACSP &#8211; FORMALIZACI\u00d3N GRANADA FEST 2025<\/a><\/p>\n<p>&nbsp;<\/p>\n","protected":false},"excerpt":{"rendered":"<p>22\/10\/2025 INFORME MOTIVACION NECESIDAD GRANADA FEST ALMUNECAR 2025 22\/10\/2025 INFORME NO DIVISION LOTES ESPECTACULO GRANADA FEST ALMUNECAR 22\/10\/2025 PPTP GRANADA FEST ALMUNECAR 22\/10\/2025 PLIEGO ADMINISTRATIVO ESPECTACULO GRANADA FEST ALMUNECAR 2025 22\/10\/2025 RA APROB E INICIO EXPTE GRANADA FEST ALMUNECAR 2025 22\/10\/2025 PLACSP &#8211; ANUNCIO LICITACI\u00d3N GRANADA FEST ALMUNECAR 2025 22\/10\/2025 PLACSP &#8211; DOCUMENTO PLIEGOS GRANADA&hellip; <br \/> <a class=\"button small blue\" href=\"https:\/\/contratacion.almunecar.es\/?p=10240\">Leer m\u00e1s<\/a><\/p>\n","protected":false},"author":5,"featured_media":0,"comment_status":"closed","ping_status":"closed","sticky":false,"template":"","format":"standard","meta":{"_acf_changed":false,"footnotes":""},"categories":[5,3,7,12,4],"tags":[],"class_list":["post-10240","post","type-post","status-publish","format-standard","hentry","category-adjudicacion_final","category-anuncio","category-formalizacion","category-formalizacion-de-contrato","category-licitacion"],"acf":[],"_links":{"self":[{"href":"https:\/\/contratacion.almunecar.es\/index.php?rest_route=\/wp\/v2\/posts\/10240","targetHints":{"allow":["GET"]}}],"collection":[{"href":"https:\/\/contratacion.almunecar.es\/index.php?rest_route=\/wp\/v2\/posts"}],"about":[{"href":"https:\/\/contratacion.almunecar.es\/index.php?rest_route=\/wp\/v2\/types\/post"}],"author":[{"embeddable":true,"href":"https:\/\/contratacion.almunecar.es\/index.php?rest_route=\/wp\/v2\/users\/5"}],"replies":[{"embeddable":true,"href":"https:\/\/contratacion.almunecar.es\/index.php?rest_route=%2Fwp%2Fv2%2Fcomments&post=10240"}],"version-history":[{"count":3,"href":"https:\/\/contratacion.almunecar.es\/index.php?rest_route=\/wp\/v2\/posts\/10240\/revisions"}],"predecessor-version":[{"id":10369,"href":"https:\/\/contratacion.almunecar.es\/index.php?rest_route=\/wp\/v2\/posts\/10240\/revisions\/10369"}],"wp:attachment":[{"href":"https:\/\/contratacion.almunecar.es\/index.php?rest_route=%2Fwp%2Fv2%2Fmedia&parent=10240"}],"wp:term":[{"taxonomy":"category","embeddable":true,"href":"https:\/\/contratacion.almunecar.es\/index.php?rest_route=%2Fwp%2Fv2%2Fcategories&post=10240"},{"taxonomy":"post_tag","embeddable":true,"href":"https:\/\/contratacion.almunecar.es\/index.php?rest_route=%2Fwp%2Fv2%2Ftags&post=10240"}],"curies":[{"name":"wp","href":"https:\/\/api.w.org\/{rel}","templated":true}]}}