{"id":10230,"date":"2025-10-22T11:30:14","date_gmt":"2025-10-22T09:30:14","guid":{"rendered":"https:\/\/contratacion.almunecar.es\/?p=10230"},"modified":"2025-11-24T13:01:53","modified_gmt":"2025-11-24T11:01:53","slug":"expte-146-2025-gest-12120-2025-seguro-de-responsabilidad-civil-del-ayuntamiento-de-almunecar","status":"publish","type":"post","link":"https:\/\/contratacion.almunecar.es\/?p=10230","title":{"rendered":"Expte. 146\/2025 (Gest 12120\/2025). Seguro de Responsabilidad Civil del Ayuntamiento de Almu\u00f1\u00e9car."},"content":{"rendered":"<p>22\/10\/2025 <a href=\"https:\/\/contratacion.almunecar.es\/wp-content\/uploads\/2025\/10\/INFORME-DE-NECESIDAD-Y-NO-DIVISION-EN-LOTES.pdf\">INFORME DE NECESIDAD Y NO DIVISION EN LOTES<\/a><\/p>\n<p>22\/10\/2025 <a href=\"https:\/\/contratacion.almunecar.es\/wp-content\/uploads\/2025\/10\/MEMORIA-JUSTIFICATIVA-4.pdf\">MEMORIA JUSTIFICATIVA<\/a><\/p>\n<p>22\/10\/2025 <a href=\"https:\/\/contratacion.almunecar.es\/wp-content\/uploads\/2025\/10\/PLIEGO-ADMINISTRATIVO-SEGURO-RC.pdf\">PLIEGO ADMINISTRATIVO SEGURO RC<\/a><\/p>\n<p>22\/10\/2025 <a href=\"https:\/\/contratacion.almunecar.es\/wp-content\/uploads\/2025\/10\/PLIEGO-DE-PRESCIPCIONES-TECNICO-SEGURO-DE-RESPONSABILIDAD-CIVIL.pdf\">PLIEGO DE PRESCIPCIONES TECNICO SEGURO DE RESPONSABILIDAD CIVIL<\/a><\/p>\n<p>22\/10\/2025 <a href=\"https:\/\/contratacion.almunecar.es\/wp-content\/uploads\/2025\/10\/RA-APROB-E-INICIO-EXPTE-SEGURO-RESP-CIVIL.pdf\">RA APROB E INICIO EXPTE SEGURO RESP CIVIL<\/a><\/p>\n<p>22\/10\/2025 <a href=\"https:\/\/contratacion.almunecar.es\/wp-content\/uploads\/2025\/10\/PLACSP-ANUNCIO-LICITACION-SEGURO-RESP-CIVIL.pdf\">PLACSP &#8211; ANUNCIO LICITACI\u00d3N SEGURO RESP CIVIL<\/a><\/p>\n<p>22\/10\/2025 <a href=\"https:\/\/contratacion.almunecar.es\/wp-content\/uploads\/2025\/10\/PLACSP-DOCUMENTO-PLIEGOS-SEGURO-RESP-CIVIL.pdf\">PLACSP &#8211; DOCUMENTO PLIEGOS SEGURO RESP CIVIL<\/a><\/p>\n<p>Las ofertas podr\u00e1n presentarse hasta el d\u00eda 17.10.2025, a las 11:00 horas.<\/p>\n<p>Para m\u00e1s informaci\u00f3n y presentaci\u00f3n de ofertas: <a href=\"https:\/\/contrataciondelestado.es\/wps\/poc?uri=deeplink:detalle_licitacion&amp;idEvl=47SGkiiLZAzLIx6q1oPaMg%3D%3D\">click aqu\u00ed<\/a><\/p>\n<p>30\/10\/2025 <a href=\"https:\/\/contratacion.almunecar.es\/wp-content\/uploads\/2025\/10\/INFORME-MODIF-PPTP.pdf\">INFORME MODIF PPTP<\/a><\/p>\n<p>30\/10\/2025 <a href=\"https:\/\/contratacion.almunecar.es\/wp-content\/uploads\/2025\/10\/RA-APROBACION-MODIFICACION-PLIEGO-TECNICO.pdf\">RA APROBACION MODIFICACION PLIEGO TECNICO<\/a><\/p>\n<p>30\/10\/2025 <a href=\"https:\/\/contratacion.almunecar.es\/wp-content\/uploads\/2025\/10\/PLIEGO-DE-PRESCIPCIONES-TECNICO-SEGURO-DE-RESPONSABILIDAD-CIVIL-MODIFICADO.pdf\">PLIEGO DE PRESCIPCIONES TECNICO SEGURO DE RESPONSABILIDAD CIVIL MODIFICADO<\/a><\/p>\n<p>30\/10\/2025 <a href=\"https:\/\/contratacion.almunecar.es\/wp-content\/uploads\/2025\/10\/PLACSP-ANUNCIO-LICITACION-SEGURO-RESP-CIVIL-RECTIFICADO.pdf\">PLACSP &#8211; ANUNCIO LICITACI\u00d3N SEGURO RESP CIVIL RECTIFICADO<\/a><\/p>\n<p>30\/10\/2025 <a href=\"https:\/\/contratacion.almunecar.es\/wp-content\/uploads\/2025\/10\/PLACSP-DOCUMENTO-PLIEGOS-SEGURO-RESP-CIVIL-RECTIFICADO.pdf\">PLACSP &#8211; DOCUMENTO PLIEGOS SEGURO RESP CIVIL RECTIFICADO<\/a><\/p>\n<p>06\/11\/2025 <a href=\"https:\/\/contratacion.almunecar.es\/wp-content\/uploads\/2025\/10\/CERTIFICADO-CON-SINIESTRALIDAD-AYTO-ALMUNECAR.pdf\">CERTIFICADO CON SINIESTRALIDAD AYTO ALMUNECAR<\/a><\/p>\n<p>13\/11\/2025 <a href=\"https:\/\/contratacion.almunecar.es\/wp-content\/uploads\/2025\/10\/CITACION-MESA-DE-CONTRATACION-2025-11-19.pdf\">CITACION MESA DE CONTRATACION 2025-11-19<\/a><\/p>\n<p>24\/11\/2025\u00a0 <a href=\"https:\/\/contratacion.almunecar.es\/wp-content\/uploads\/2025\/10\/ACTA-MESA-DE-CONTRATACION-2025-11-19.pdf\">ACTA MESA DE CONTRATACION 2025-11-19<\/a><\/p>\n","protected":false},"excerpt":{"rendered":"<p>22\/10\/2025 INFORME DE NECESIDAD Y NO DIVISION EN LOTES 22\/10\/2025 MEMORIA JUSTIFICATIVA 22\/10\/2025 PLIEGO ADMINISTRATIVO SEGURO RC 22\/10\/2025 PLIEGO DE PRESCIPCIONES TECNICO SEGURO DE RESPONSABILIDAD CIVIL 22\/10\/2025 RA APROB E INICIO EXPTE SEGURO RESP CIVIL 22\/10\/2025 PLACSP &#8211; ANUNCIO LICITACI\u00d3N SEGURO RESP CIVIL 22\/10\/2025 PLACSP &#8211; DOCUMENTO PLIEGOS SEGURO RESP CIVIL Las ofertas podr\u00e1n presentarse&hellip; <br \/> <a class=\"button small blue\" href=\"https:\/\/contratacion.almunecar.es\/?p=10230\">Leer m\u00e1s<\/a><\/p>\n","protected":false},"author":5,"featured_media":0,"comment_status":"closed","ping_status":"closed","sticky":false,"template":"","format":"standard","meta":{"_acf_changed":false,"footnotes":""},"categories":[3,4],"tags":[],"class_list":["post-10230","post","type-post","status-publish","format-standard","hentry","category-anuncio","category-licitacion"],"acf":[],"_links":{"self":[{"href":"https:\/\/contratacion.almunecar.es\/index.php?rest_route=\/wp\/v2\/posts\/10230","targetHints":{"allow":["GET"]}}],"collection":[{"href":"https:\/\/contratacion.almunecar.es\/index.php?rest_route=\/wp\/v2\/posts"}],"about":[{"href":"https:\/\/contratacion.almunecar.es\/index.php?rest_route=\/wp\/v2\/types\/post"}],"author":[{"embeddable":true,"href":"https:\/\/contratacion.almunecar.es\/index.php?rest_route=\/wp\/v2\/users\/5"}],"replies":[{"embeddable":true,"href":"https:\/\/contratacion.almunecar.es\/index.php?rest_route=%2Fwp%2Fv2%2Fcomments&post=10230"}],"version-history":[{"count":7,"href":"https:\/\/contratacion.almunecar.es\/index.php?rest_route=\/wp\/v2\/posts\/10230\/revisions"}],"predecessor-version":[{"id":10459,"href":"https:\/\/contratacion.almunecar.es\/index.php?rest_route=\/wp\/v2\/posts\/10230\/revisions\/10459"}],"wp:attachment":[{"href":"https:\/\/contratacion.almunecar.es\/index.php?rest_route=%2Fwp%2Fv2%2Fmedia&parent=10230"}],"wp:term":[{"taxonomy":"category","embeddable":true,"href":"https:\/\/contratacion.almunecar.es\/index.php?rest_route=%2Fwp%2Fv2%2Fcategories&post=10230"},{"taxonomy":"post_tag","embeddable":true,"href":"https:\/\/contratacion.almunecar.es\/index.php?rest_route=%2Fwp%2Fv2%2Ftags&post=10230"}],"curies":[{"name":"wp","href":"https:\/\/api.w.org\/{rel}","templated":true}]}}