{"id":10187,"date":"2025-10-17T08:39:44","date_gmt":"2025-10-17T06:39:44","guid":{"rendered":"https:\/\/contratacion.almunecar.es\/?p=10187"},"modified":"2026-04-23T14:30:16","modified_gmt":"2026-04-23T12:30:16","slug":"expte-128-2025-gest-10714-2025-obras-de-construccion-de-pasarela-sobre-rio-seco-entre-calle-juan-roig-y-calle-guadix-en-almunecar-granada-en-base-al-proyecto-redactado-por-jose-sebastian-f","status":"publish","type":"post","link":"https:\/\/contratacion.almunecar.es\/?p=10187","title":{"rendered":"EXPTE. 128\/2025 (GEST 10714\/2025): OBRAS DE CONSTRUCCI\u00d3N DE PASARELA SOBRE \u00abR\u00cdO SECO\u00bb, ENTRE CALLE JUAN ROIG Y CALLE GUADIX EN ALMU\u00d1\u00c9CAR (GRANADA), EN BASE AL PROYECTO REDACTADO POR JOS\u00c9 SEBASTI\u00c1N FR\u00cdAS S\u00c1NCHEZ, EN MAYO DE 2025."},"content":{"rendered":"<p>17\/10\/2025 <a href=\"https:\/\/contratacion.almunecar.es\/wp-content\/uploads\/2025\/10\/Informe-de-Necesidad-y-No-Lotes-Pasarela-Peatonal-Rio-Seco.pdf\">Informe de Necesidad y No Lotes Pasarela Peatonal Rio Seco<\/a><\/p>\n<p>17\/10\/2025 <a href=\"https:\/\/contratacion.almunecar.es\/wp-content\/uploads\/2025\/10\/MEMORIA-JUSTIFICATIVA-Pasarela-Peatonal-sobre-Rio-Seco.pdf\">MEMORIA JUSTIFICATIVA Pasarela Peatonal sobre Rio Seco<\/a><\/p>\n<p>17\/10\/2025 <a href=\"https:\/\/contratacion.almunecar.es\/wp-content\/uploads\/2025\/10\/PPTP-Pasarela-Peatonal-sobre-Rio-Seco.pdf\">PPTP Pasarela Peatonal sobre Rio Seco<\/a><\/p>\n<p>17\/10\/2025 <a href=\"https:\/\/contratacion.almunecar.es\/wp-content\/uploads\/2025\/10\/PCAP-Pasarela-Peatonal-sobre-Rio-Seco.pdf\">PCAP Pasarela Peatonal sobre Rio Seco<\/a><\/p>\n<p>17\/10\/2025 <a href=\"https:\/\/contratacion.almunecar.es\/wp-content\/uploads\/2025\/10\/RA-APROB-E-INICIO-EXPTE-OBRAS-PASARELA-C-GUADIX.pdf\">RA APROB E INICIO EXPTE OBRAS PASARELA C GUADIX<\/a><\/p>\n<p>17\/10\/2025 <a href=\"https:\/\/contratacion.almunecar.es\/wp-content\/uploads\/2025\/10\/PLACSP-ANUNCIO-LICITACION-PASARELA-PEATONAL-SOBRE-RIO-SECO.pdf\">PLACSP &#8211; ANUNCIO LICITACI\u00d3N PASARELA PEATONAL SOBRE R\u00cdO SECO<\/a><\/p>\n<p>17\/10\/2025 <a href=\"https:\/\/contratacion.almunecar.es\/wp-content\/uploads\/2025\/10\/PLACSP-DOCUMENTO-DE-PLIEGOS-PASARELA-PEATONAL-SOBRE-RIO-SECO.pdf\">PLACSP &#8211; DOCUMENTO DE PLIEGOS PASARELA PEATONAL SOBRE R\u00cdO SECO<\/a><\/p>\n<p><strong>Las <u>ofertas\u00a0habr\u00e1n de presentarse a trav\u00e9s de la Herramienta de Preparaci\u00f3n y Presentaci\u00f3n de Ofertas de la Plataforma de Contrataci\u00f3n del Sector P\u00fablico<\/u>, <u>y podr\u00e1n presentarse hasta el 13\/11\/2025, 11:00 horas.<\/u><\/strong><\/p>\n<p><u>Enlace a la licitaci\u00f3n:<\/u><\/p>\n<p><a href=\"https:\/\/contrataciondelestado.es\/wps\/poc?uri=deeplink:detalle_licitacion&amp;idEvl=yyZI6rRWOM%2B2gkLQ8TeYKA%3D%3D\">https:\/\/contrataciondelestado.es\/wps\/poc?uri=deeplink:detalle_licitacion&amp;idEvl=yyZI6rRWOM%2B2gkLQ8TeYKA%3D%3D<\/a><\/p>\n<p>13\/11\/2025 <a href=\"https:\/\/contratacion.almunecar.es\/wp-content\/uploads\/2025\/10\/CITACION-MESA-DE-CONTRATACION-2025-11-19.pdf\">CITACION MESA DE CONTRATACION 2025-11-19<\/a><\/p>\n<p>24\/11\/2025 <a href=\"https:\/\/contratacion.almunecar.es\/wp-content\/uploads\/2025\/10\/ACTA-MESA-DE-CONTRATACION-2025-11-19-1.pdf\">ACTA MESA DE CONTRATACION 2025-11-19<\/a><\/p>\n<p>25\/11\/2025 <a href=\"https:\/\/contratacion.almunecar.es\/wp-content\/uploads\/2025\/10\/RA-REQUER-DOC-OBRAS-PASARELA-RIO-SECO.pdf\">RA REQUER DOC OBRAS PASARELA RIO SECO<\/a><\/p>\n<p>25\/11\/2025 <a href=\"https:\/\/contratacion.almunecar.es\/wp-content\/uploads\/2025\/10\/PLACSP-REQUER-DOC-OBRAS-PASARELA-RIO-SECO.pdf\">PLACSP &#8211; REQUER DOC OBRAS PASARELA RIO SECO<\/a><\/p>\n<p>20\/01\/2026 <a href=\"https:\/\/contratacion.almunecar.es\/wp-content\/uploads\/2025\/10\/CITACION-MESA-DE-CONTRATACION-2026-01-23.pdf\">CITACION MESA DE CONTRATACION 2026-01-23<\/a><\/p>\n<p>27\/01\/2026 <a href=\"https:\/\/contratacion.almunecar.es\/wp-content\/uploads\/2025\/10\/ACTA-MESA-DE-CONTRATACION-2026-01-23.pdf\">ACTA MESA DE CONTRATACION 2026-01-23<\/a><\/p>\n<p>29\/01\/2026 <a href=\"https:\/\/contratacion.almunecar.es\/wp-content\/uploads\/2025\/10\/RA-REQUER-DOC-OBRAS-PASARELA-RIO-SECO-GEOCAMINOS.pdf\">RA REQUER DOC OBRAS PASARELA RIO SECO &#8211; GEOCAMINOS<\/a><\/p>\n<p>29\/01\/2026 <a href=\"https:\/\/contratacion.almunecar.es\/wp-content\/uploads\/2025\/10\/PLACSP-REQUER-DOC-OBRAS-PASARELA-RIO-SECO-GEOCAMINOS.pdf\">PLACSP &#8211; REQUER DOC OBRAS PASARELA RIO SECO &#8211; GEOCAMINOS<\/a><\/p>\n<p>22\/04\/2026 <a href=\"http:\/\/contratacion.almunecar.es\/wp-content\/uploads\/2025\/10\/RA-ADJUDICACION-OBRAS-PASARELA-RIO-SECO.pdf\">RA ADJUDICACION OBRAS PASARELA RIO SECO<\/a><\/p>\n<p>22\/04\/2026 <a href=\"http:\/\/contratacion.almunecar.es\/wp-content\/uploads\/2025\/10\/PLACSP-ADJUDICACION-OBRAS-PASARELA-RIO-SECO.pdf\">PLACSP &#8211; ADJUDICACION OBRAS PASARELA RIO SECO<\/a><\/p>\n<p>23\/04\/2026 <a href=\"http:\/\/contratacion.almunecar.es\/wp-content\/uploads\/2025\/10\/PLACSP-ANUNCIO-FORMALIZACION-EXPTE.-OBRAS-PASARELA-SOBRE-RIO-SECO.pdf\">PLACSP &#8211; ANUNCIO FORMALIZACI\u00d3N EXPTE. OBRAS PASARELA SOBRE R\u00cdO SECO<\/a><\/p>\n<p>&nbsp;<\/p>\n<p>&nbsp;<\/p>\n","protected":false},"excerpt":{"rendered":"<p>17\/10\/2025 Informe de Necesidad y No Lotes Pasarela Peatonal Rio Seco 17\/10\/2025 MEMORIA JUSTIFICATIVA Pasarela Peatonal sobre Rio Seco 17\/10\/2025 PPTP Pasarela Peatonal sobre Rio Seco 17\/10\/2025 PCAP Pasarela Peatonal sobre Rio Seco 17\/10\/2025 RA APROB E INICIO EXPTE OBRAS PASARELA C GUADIX 17\/10\/2025 PLACSP &#8211; ANUNCIO LICITACI\u00d3N PASARELA PEATONAL SOBRE R\u00cdO SECO 17\/10\/2025 PLACSP&hellip; <br \/> <a class=\"button small blue\" href=\"https:\/\/contratacion.almunecar.es\/?p=10187\">Leer m\u00e1s<\/a><\/p>\n","protected":false},"author":5,"featured_media":0,"comment_status":"closed","ping_status":"closed","sticky":false,"template":"","format":"standard","meta":{"_acf_changed":false,"footnotes":""},"categories":[5,3,7,12,4],"tags":[],"class_list":["post-10187","post","type-post","status-publish","format-standard","hentry","category-adjudicacion_final","category-anuncio","category-formalizacion","category-formalizacion-de-contrato","category-licitacion"],"acf":[],"_links":{"self":[{"href":"https:\/\/contratacion.almunecar.es\/index.php?rest_route=\/wp\/v2\/posts\/10187","targetHints":{"allow":["GET"]}}],"collection":[{"href":"https:\/\/contratacion.almunecar.es\/index.php?rest_route=\/wp\/v2\/posts"}],"about":[{"href":"https:\/\/contratacion.almunecar.es\/index.php?rest_route=\/wp\/v2\/types\/post"}],"author":[{"embeddable":true,"href":"https:\/\/contratacion.almunecar.es\/index.php?rest_route=\/wp\/v2\/users\/5"}],"replies":[{"embeddable":true,"href":"https:\/\/contratacion.almunecar.es\/index.php?rest_route=%2Fwp%2Fv2%2Fcomments&post=10187"}],"version-history":[{"count":11,"href":"https:\/\/contratacion.almunecar.es\/index.php?rest_route=\/wp\/v2\/posts\/10187\/revisions"}],"predecessor-version":[{"id":11118,"href":"https:\/\/contratacion.almunecar.es\/index.php?rest_route=\/wp\/v2\/posts\/10187\/revisions\/11118"}],"wp:attachment":[{"href":"https:\/\/contratacion.almunecar.es\/index.php?rest_route=%2Fwp%2Fv2%2Fmedia&parent=10187"}],"wp:term":[{"taxonomy":"category","embeddable":true,"href":"https:\/\/contratacion.almunecar.es\/index.php?rest_route=%2Fwp%2Fv2%2Fcategories&post=10187"},{"taxonomy":"post_tag","embeddable":true,"href":"https:\/\/contratacion.almunecar.es\/index.php?rest_route=%2Fwp%2Fv2%2Ftags&post=10187"}],"curies":[{"name":"wp","href":"https:\/\/api.w.org\/{rel}","templated":true}]}}