{"id":10178,"date":"2025-10-15T14:47:08","date_gmt":"2025-10-15T12:47:08","guid":{"rendered":"https:\/\/contratacion.almunecar.es\/?p=10178"},"modified":"2026-01-07T09:29:29","modified_gmt":"2026-01-07T07:29:29","slug":"expte-115-2025-gestiona-10131-2025-servicio-de-redaccion-de-proyecto-estudio-de-seguridad-y-salud-estudio-de-gestion-de-residuos-direccion-facultativa-y-coordinacion-en-materia-de-seguridad-y-sal","status":"publish","type":"post","link":"https:\/\/contratacion.almunecar.es\/?p=10178","title":{"rendered":"Expte 115\/2025, Gestiona 10131\/2025. Servicio de redacci\u00f3n de proyecto, estudio de seguridad y salud, estudio de gesti\u00f3n de residuos, direcci\u00f3n facultativa y coordinaci\u00f3n en materia de seguridad y salud, de las obras del proyecto urbano del Parque de la Neurodivergencia en Almu\u00f1\u00e9car."},"content":{"rendered":"<p>15\/10\/2025 <a href=\"https:\/\/contratacion.almunecar.es\/wp-content\/uploads\/2025\/10\/MEMORIA-JUSTIFICATIVA-3.pdf\">MEMORIA JUSTIFICATIVA<\/a><\/p>\n<p>15\/10\/2025 <a href=\"https:\/\/contratacion.almunecar.es\/wp-content\/uploads\/2025\/10\/NECESIDAD-DEL-SERVICIO-Y-AUSENCIA-DE-MEDIOS-PROPIOS.pdf\">NECESIDAD DEL SERVICIO Y AUSENCIA DE MEDIOS PROPIOS<\/a><\/p>\n<p>15\/10\/2025 <a href=\"https:\/\/contratacion.almunecar.es\/wp-content\/uploads\/2025\/10\/PCAP-SERVICIO-REDACCION-PROYECTO-PARQUE-NEURODIVERGENTE.pdf\">PCAP SERVICIO REDACCION PROYECTO PARQUE NEURODIVERGENTE<\/a><\/p>\n<p>15\/10\/2025 <a href=\"https:\/\/contratacion.almunecar.es\/wp-content\/uploads\/2025\/10\/PPTP-PARQUE-NEURODIVERGENTE.pdf\">PPTP PARQUE NEURODIVERGENTE<\/a><\/p>\n<p>15\/10\/2025 <a href=\"https:\/\/contratacion.almunecar.es\/wp-content\/uploads\/2025\/10\/RA-APROB-E-ICIO-EXPTE-PARQUE-NEURODIVER.pdf\">RA APROB E ICIO EXPTE PARQUE NEURODIVER<\/a><\/p>\n<p>15\/10\/2025 <a href=\"https:\/\/contratacion.almunecar.es\/wp-content\/uploads\/2025\/10\/PLACSP-ANUNCIO-LICITACION-PARQUE-NEURODIVERGENCIA.pdf\">PLACSP &#8211; ANUNCIO LICITACI\u00d3N PARQUE NEURODIVERGENCIA<\/a><\/p>\n<p>15\/10\/2025 <a href=\"https:\/\/contratacion.almunecar.es\/wp-content\/uploads\/2025\/10\/PLACSP-DOCUMENTO-PLIEGOS-PARQUE-NEURODIVERGENCIA.pdf\">PLACSP &#8211; DOCUMENTO PLIEGOS PARQUE NEURODIVERGENCIA<\/a><\/p>\n<p>Las ofertas podr\u00e1n presentarse hasta el d\u00eda 31.10.2025, a las 11:00 horas. Para m\u00e1s informaci\u00f3n y presentaci\u00f3n de ofertas: <a href=\"https:\/\/contrataciondelestado.es\/wps\/poc?uri=deeplink%3Adetalle_licitacion&amp;idEvl=W0zZvO2%2FZj0l5NjlNci%2BtA%3D%3D\">click aqu\u00ed.<\/a><\/p>\n<p>21\/10\/2025 <a href=\"https:\/\/contratacion.almunecar.es\/wp-content\/uploads\/2025\/10\/INFORME-PRESENTACION-DOC-EXTENSA-PARQUE-NEURODIVERGENCIA.pdf\">INFORME PRESENTACI\u00d3N DOC EXTENSA PARQUE NEURODIVERGENCIA<\/a><\/p>\n<p>28\/10\/2025 <a href=\"https:\/\/contratacion.almunecar.es\/wp-content\/uploads\/2025\/10\/CITACION-MESA-DE-CONTRATACION-2025-10-31.pdf\">CITACION MESA DE CONTRATACION 2025-10-31<\/a><\/p>\n<p>04\/11\/2025 <a href=\"https:\/\/contratacion.almunecar.es\/wp-content\/uploads\/2025\/10\/ACTA-MESA-DE-CONTRATACION-2025-10-31-1.pdf\">ACTA MESA DE CONTRATACION 2025-10-31<\/a><\/p>\n<p>13\/11\/2025 <a href=\"https:\/\/contratacion.almunecar.es\/wp-content\/uploads\/2025\/10\/CITACION-MESA-DE-CONTRATACION-2025-11-19.pdf\">CITACION MESA DE CONTRATACION 2025-11-19<\/a><\/p>\n<p>24\/11\/2025 <a href=\"https:\/\/contratacion.almunecar.es\/wp-content\/uploads\/2025\/10\/ACTA-MESA-DE-CONTRATACION-2025-11-19.pdf\">ACTA MESA DE CONTRATACION 2025-11-19<\/a><\/p>\n<p>25\/11\/2025 <a href=\"https:\/\/contratacion.almunecar.es\/wp-content\/uploads\/2025\/10\/RA-REQUER-DOC-PARQUE-NEURODIVERGENCIA.pdf\">RA REQUER DOC PARQUE NEURODIVERGENCIA<\/a><\/p>\n<p>25\/11\/2025 <a href=\"https:\/\/contratacion.almunecar.es\/wp-content\/uploads\/2025\/10\/PLACSP-REQUER-DOC-PARQUE-NEURODIVERGENCIA.pdf\">PLACSP &#8211; REQUER DOC PARQUE NEURODIVERGENCIA<\/a><\/p>\n<p>15\/12\/2025 <a href=\"https:\/\/contratacion.almunecar.es\/wp-content\/uploads\/2025\/10\/RA-ADJUDICACION-PARQUE-NEURODIVERGENCIA.pdf\">RA ADJUDICACION PARQUE NEURODIVERGENCIA<\/a><\/p>\n<p>15\/12\/2025 <a href=\"https:\/\/contratacion.almunecar.es\/wp-content\/uploads\/2025\/10\/PLACSP-ADJUDICACION-PARQUE-NEURODIVERGENCIA.pdf\">PLACSP &#8211; ADJUDICACION PARQUE NEURODIVERGENCIA<\/a><\/p>\n<p>07\/01\/2026 <a href=\"https:\/\/contratacion.almunecar.es\/wp-content\/uploads\/2025\/10\/PLACSP-FORMALIZACION-CONTRATO-PARQUE-NEURODIVERGENCIA.pdf\">PLACSP &#8211; FORMALIZACION CONTRATO PARQUE NEURODIVERGENCIA<\/a><\/p>\n","protected":false},"excerpt":{"rendered":"<p>15\/10\/2025 MEMORIA JUSTIFICATIVA 15\/10\/2025 NECESIDAD DEL SERVICIO Y AUSENCIA DE MEDIOS PROPIOS 15\/10\/2025 PCAP SERVICIO REDACCION PROYECTO PARQUE NEURODIVERGENTE 15\/10\/2025 PPTP PARQUE NEURODIVERGENTE 15\/10\/2025 RA APROB E ICIO EXPTE PARQUE NEURODIVER 15\/10\/2025 PLACSP &#8211; ANUNCIO LICITACI\u00d3N PARQUE NEURODIVERGENCIA 15\/10\/2025 PLACSP &#8211; DOCUMENTO PLIEGOS PARQUE NEURODIVERGENCIA Las ofertas podr\u00e1n presentarse hasta el d\u00eda 31.10.2025, a las&hellip; <br \/> <a class=\"button small blue\" href=\"https:\/\/contratacion.almunecar.es\/?p=10178\">Leer m\u00e1s<\/a><\/p>\n","protected":false},"author":5,"featured_media":0,"comment_status":"closed","ping_status":"closed","sticky":false,"template":"","format":"standard","meta":{"_acf_changed":false,"footnotes":""},"categories":[5,3,7,12,4],"tags":[],"class_list":["post-10178","post","type-post","status-publish","format-standard","hentry","category-adjudicacion_final","category-anuncio","category-formalizacion","category-formalizacion-de-contrato","category-licitacion"],"acf":[],"_links":{"self":[{"href":"https:\/\/contratacion.almunecar.es\/index.php?rest_route=\/wp\/v2\/posts\/10178","targetHints":{"allow":["GET"]}}],"collection":[{"href":"https:\/\/contratacion.almunecar.es\/index.php?rest_route=\/wp\/v2\/posts"}],"about":[{"href":"https:\/\/contratacion.almunecar.es\/index.php?rest_route=\/wp\/v2\/types\/post"}],"author":[{"embeddable":true,"href":"https:\/\/contratacion.almunecar.es\/index.php?rest_route=\/wp\/v2\/users\/5"}],"replies":[{"embeddable":true,"href":"https:\/\/contratacion.almunecar.es\/index.php?rest_route=%2Fwp%2Fv2%2Fcomments&post=10178"}],"version-history":[{"count":10,"href":"https:\/\/contratacion.almunecar.es\/index.php?rest_route=\/wp\/v2\/posts\/10178\/revisions"}],"predecessor-version":[{"id":10615,"href":"https:\/\/contratacion.almunecar.es\/index.php?rest_route=\/wp\/v2\/posts\/10178\/revisions\/10615"}],"wp:attachment":[{"href":"https:\/\/contratacion.almunecar.es\/index.php?rest_route=%2Fwp%2Fv2%2Fmedia&parent=10178"}],"wp:term":[{"taxonomy":"category","embeddable":true,"href":"https:\/\/contratacion.almunecar.es\/index.php?rest_route=%2Fwp%2Fv2%2Fcategories&post=10178"},{"taxonomy":"post_tag","embeddable":true,"href":"https:\/\/contratacion.almunecar.es\/index.php?rest_route=%2Fwp%2Fv2%2Ftags&post=10178"}],"curies":[{"name":"wp","href":"https:\/\/api.w.org\/{rel}","templated":true}]}}