{"id":10143,"date":"2025-10-14T08:46:36","date_gmt":"2025-10-14T06:46:36","guid":{"rendered":"https:\/\/contratacion.almunecar.es\/?p=10143"},"modified":"2026-03-05T15:28:05","modified_gmt":"2026-03-05T13:28:05","slug":"expte-125-2025-gest-10537-2025-servicio-de-alumbrado-ornamental-de-navidad-fiestas-patronales-de-almunecar-la-herradura-carrera-de-la-concepcion-los-marinos-torrecuevas-y-el-castillo-de-san","status":"publish","type":"post","link":"https:\/\/contratacion.almunecar.es\/?p=10143","title":{"rendered":"EXPTE. 125\/2025 (GEST 10537\/2025): SERVICIO DE ALUMBRADO ORNAMENTAL DE NAVIDAD, FIESTAS PATRONALES DE ALMU\u00d1\u00c9CAR, LA HERRADURA, CARRERA DE LA CONCEPCI\u00d3N, LOS MARINOS, TORRECUEVAS, Y EL CASTILLO DE SAN MIGUEL, MEDIANTE LOTES, Y TRAMITACI\u00d3N URGENTE."},"content":{"rendered":"<p>14\/10\/2025 <a href=\"https:\/\/contratacion.almunecar.es\/wp-content\/uploads\/2025\/10\/INFORME-NECESIDAD-ILUMINACION-FIESTAS-Y-BARRIOS.pdf\">INFORME NECESIDAD ILUMINACION FIESTAS Y BARRIOS<\/a><\/p>\n<p>14\/10\/2025 <a href=\"https:\/\/contratacion.almunecar.es\/wp-content\/uploads\/2025\/10\/INFORME-CRITERIOS-DE-PUNTUACION.pdf\">INFORME CRITERIOS DE PUNTUACION<\/a><\/p>\n<p>14\/10\/2025 <a href=\"https:\/\/contratacion.almunecar.es\/wp-content\/uploads\/2025\/10\/MEMORIA-JUSTIFICATIVA-ILUMINACION.pdf\">MEMORIA JUSTIFICATIVA ILUMINACION<\/a><\/p>\n<p>14\/10\/2025 <a href=\"https:\/\/contratacion.almunecar.es\/wp-content\/uploads\/2025\/10\/PCAP-ILUMINACION-FIESTAS-Y-BARRIOS.pdf\">PCAP ILUMINACION FIESTAS Y BARRIOS<\/a><\/p>\n<p>14\/10\/2025 <a href=\"https:\/\/contratacion.almunecar.es\/wp-content\/uploads\/2025\/10\/PPTP-ILUMINACION-FIESTAS-Y-BARRIOS.pdf\">PPTP ILUMINACION FIESTAS Y BARRIOS<\/a><\/p>\n<p>14\/10\/2025 <a href=\"https:\/\/contratacion.almunecar.es\/wp-content\/uploads\/2025\/10\/PROPUESTA-CONCEJAL-TRAMITACION-URGENTE-DEL-EXPTE.pdf\">PROPUESTA CONCEJAL TRAMITACION URGENTE DEL EXPTE<\/a><\/p>\n<p>14\/10\/2025 <a href=\"https:\/\/contratacion.almunecar.es\/wp-content\/uploads\/2025\/10\/RA-APROB-E-INCIO-EXPTE-ILUMINACION-FIESTAS-Y-BARRIOS-LOTES-Y-URGENTE.pdf\">RA APROB E INCIO EXPTE ILUMINACION FIESTAS Y BARRIOS &#8211; LOTES Y URGENTE<\/a><\/p>\n<p>14\/10\/2025 <a href=\"https:\/\/contratacion.almunecar.es\/wp-content\/uploads\/2025\/10\/DOUE-ENVIO-LICITACION-ALUMBRADO-PTE-PUBLICACION.pdf\">DOUE &#8211; ENVIO LICITACION ALUMBRADO &#8211; PTE PUBLICACION<\/a><\/p>\n<p>14\/10\/2025 <a href=\"https:\/\/contratacion.almunecar.es\/wp-content\/uploads\/2025\/10\/PLACSP-ANUNCIO-LICITACION-ALUMBRADO.pdf\">PLACSP &#8211; ANUNCIO LICITACION ALUMBRADO<\/a><\/p>\n<p>14\/10\/2025 <a href=\"https:\/\/contratacion.almunecar.es\/wp-content\/uploads\/2025\/10\/PLACSP-DOCUMENTO-DE-PLIEGOS-ALUMBRADO.pdf\">PLACSP &#8211; DOCUMENTO DE PLIEGOS ALUMBRADO<\/a><\/p>\n<p>&nbsp;<\/p>\n<p>Las <u>ofertas<\/u>\u00a0habr\u00e1n de presentarse a trav\u00e9s de <u>la Herramienta de Preparaci\u00f3n y Presentaci\u00f3n de Ofertas de la Plataforma de Contrataci\u00f3n del Sector P\u00fablico<\/u>, y <u>hasta el 24\/10\/2025, 11:00 horas.<\/u><\/p>\n<p>Para m\u00e1s informaci\u00f3n y presentaci\u00f3n de ofertas, se adjunta enlace a la licitaci\u00f3n:<\/p>\n<p>https:\/\/contrataciondelestado.es\/wps\/poc?uri=deeplink%3Adetalle_licitacion&#038;idEvl=CZmZj8oYLZ9LAIVZdUs8KA%3D%3D<\/p>\n<p>22\/10\/2025 <a href=\"https:\/\/contratacion.almunecar.es\/wp-content\/uploads\/2025\/08\/CITACION-MESA-DE-CONTRATACION-2025-10-27.pdf\">CITACION MESA DE CONTRATACION 2025-10-27<\/a><\/p>\n<p>29\/10\/2025 <a href=\"https:\/\/contratacion.almunecar.es\/wp-content\/uploads\/2025\/08\/ACTA-MESA-DE-CONTRATACION-2025-10-27.pdf\">ACTA MESA DE CONTRATACION 2025-10-27<\/a><\/p>\n<p>31\/10\/2025 <a href=\"https:\/\/contratacion.almunecar.es\/wp-content\/uploads\/2025\/10\/RA-REQUER-DE-DOC-ALUMBRADO-ORNAMENTAL-LOTES-1-Y-2-ILUMEP-PINOS-PUENTE-SL.pdf\">RA REQUER DE DOC ALUMBRADO ORNAMENTAL LOTES 1 Y 2 &#8211; ILUMEP PINOS PUENTE SL<\/a><\/p>\n<p>31\/10\/2025 <a href=\"https:\/\/contratacion.almunecar.es\/wp-content\/uploads\/2025\/10\/RA-REQUER-DE-DOC-ALUMBRADO-ORNAMENTAL-LOTES-3-Y-4-OSCAR-DAVID-MARTIN.pdf\">RA REQUER DE DOC ALUMBRADO ORNAMENTAL LOTES 3 Y 4 &#8211; OSCAR DAVID MARTIN<\/a><\/p>\n<p>31\/10\/2025 <a href=\"https:\/\/contratacion.almunecar.es\/wp-content\/uploads\/2025\/10\/PLACSP-REQUER-DE-DOC-ALUMBRADO-ORNAMENTAL-LOTES-1-Y-2.pdf\">PLACSP &#8211; REQUER DE DOC ALUMBRADO ORNAMENTAL LOTES 1 Y 2<\/a><\/p>\n<p>31\/10\/2025 <a href=\"https:\/\/contratacion.almunecar.es\/wp-content\/uploads\/2025\/10\/PLACSP-REQUER-DE-DOC-ALUMBRADO-ORNAMENTAL-LOTES-3-Y-4.pdf\">PLACSP &#8211; REQUER DE DOC ALUMBRADO ORNAMENTAL LOTES 3 Y 4<\/a><\/p>\n<p>28\/11\/2025 <a href=\"https:\/\/contratacion.almunecar.es\/wp-content\/uploads\/2025\/10\/RA-ADJUDICACION-ALUMBRADO-LOTES-1-Y-2.pdf\">RA ADJUDICACION ALUMBRADO LOTES 1 Y 2<\/a><\/p>\n<p>28\/11\/2025 <a href=\"https:\/\/contratacion.almunecar.es\/wp-content\/uploads\/2025\/10\/PLACSP-ADJUDICACION-ALUMBRADO-LOTES-1-Y-2.pdf\">PLACSP &#8211; ADJUDICACION ALUMBRADO LOTES 1 Y 2<\/a><\/p>\n<p>29\/12\/2025 <a href=\"https:\/\/contratacion.almunecar.es\/wp-content\/uploads\/2025\/10\/DOUE-FORMALIZACION-EXPTE.-ALUMBRADO-LOTES-1-Y-2.pdf\">DOUE- FORMALIZACI\u00d3N EXPTE. ALUMBRADO LOTES 1 Y 2<\/a><\/p>\n<p>29\/12\/2025 <a href=\"https:\/\/contratacion.almunecar.es\/wp-content\/uploads\/2025\/10\/PLACSP-FORMALIZACION-EXPTE.-ALUMBRADO-LOTES-1-Y-2.pdf\">PLACSP &#8211; FORMALIZACI\u00d3N EXPTE. ALUMBRADO LOTES 1 Y 2<\/a><\/p>\n<p>14\/01\/2025 <a href=\"https:\/\/contratacion.almunecar.es\/wp-content\/uploads\/2025\/10\/R.A.-REQUER.-DOC.-ALUMBRADO-LOTES-3-Y-4-MARAL.pdf\">R.A. REQUER. DOC. ALUMBRADO LOTES 3 Y 4 &#8211; MARAL<\/a><\/p>\n<p>14\/01\/2025 <a href=\"https:\/\/contratacion.almunecar.es\/wp-content\/uploads\/2025\/10\/PLACSP-REQUER-DOC-ALUMBRADO-LOTES-3-Y-4-MARAL.pdf\">PLACSP &#8211; REQUER DOC ALUMBRADO LOTES 3 Y 4 &#8211; MARAL<\/a><\/p>\n<p>06\/02\/2026 <a href=\"https:\/\/contratacion.almunecar.es\/wp-content\/uploads\/2025\/10\/RA-ADJUDICACION-LOTES-3-Y-4-ILUMINACION-MARAL.pdf\">RA ADJUDICACION LOTES 3 Y 4 ILUMINACION &#8211; MARAL<\/a><\/p>\n<p>06\/02\/2026 <a href=\"https:\/\/contratacion.almunecar.es\/wp-content\/uploads\/2025\/10\/PLACSP-ADJUDICACION-LOTES-3-Y-4-ILUMINACION-MARAL.pdf\">PLACSP &#8211; ADJUDICACION LOTES 3 Y 4 ILUMINACION &#8211; MARAL<\/a><\/p>\n<p>05\/03\/2026 <a href=\"http:\/\/contratacion.almunecar.es\/wp-content\/uploads\/2025\/10\/DOUE-FORMALIZACION-LOTES-3-Y-4-ILUMINACION.pdf\">DOUE &#8211; FORMALIZACI\u00d3N LOTES 3 Y 4 ILUMINACI\u00d3N<\/a><\/p>\n<p>05\/03\/2026 <a href=\"http:\/\/contratacion.almunecar.es\/wp-content\/uploads\/2025\/10\/PLACSP-FORMALIZACION-LOTES-3-Y-4-ILUMINACION.pdf\">PLACSP &#8211; FORMALIZACI\u00d3N LOTES 3 Y 4 ILUMINACI\u00d3N<\/a><\/p>\n<p>&nbsp;<\/p>\n<p>&nbsp;<\/p>\n<p>&nbsp;<\/p>\n<p>&nbsp;<\/p>\n","protected":false},"excerpt":{"rendered":"<p>14\/10\/2025 INFORME NECESIDAD ILUMINACION FIESTAS Y BARRIOS 14\/10\/2025 INFORME CRITERIOS DE PUNTUACION 14\/10\/2025 MEMORIA JUSTIFICATIVA ILUMINACION 14\/10\/2025 PCAP ILUMINACION FIESTAS Y BARRIOS 14\/10\/2025 PPTP ILUMINACION FIESTAS Y BARRIOS 14\/10\/2025 PROPUESTA CONCEJAL TRAMITACION URGENTE DEL EXPTE 14\/10\/2025 RA APROB E INCIO EXPTE ILUMINACION FIESTAS Y BARRIOS &#8211; LOTES Y URGENTE 14\/10\/2025 DOUE &#8211; ENVIO LICITACION ALUMBRADO&hellip; <br \/> <a class=\"button small blue\" href=\"https:\/\/contratacion.almunecar.es\/?p=10143\">Leer m\u00e1s<\/a><\/p>\n","protected":false},"author":5,"featured_media":0,"comment_status":"closed","ping_status":"closed","sticky":false,"template":"","format":"standard","meta":{"_acf_changed":false,"footnotes":""},"categories":[5,3,7,12,4],"tags":[],"class_list":["post-10143","post","type-post","status-publish","format-standard","hentry","category-adjudicacion_final","category-anuncio","category-formalizacion","category-formalizacion-de-contrato","category-licitacion"],"acf":[],"_links":{"self":[{"href":"https:\/\/contratacion.almunecar.es\/index.php?rest_route=\/wp\/v2\/posts\/10143","targetHints":{"allow":["GET"]}}],"collection":[{"href":"https:\/\/contratacion.almunecar.es\/index.php?rest_route=\/wp\/v2\/posts"}],"about":[{"href":"https:\/\/contratacion.almunecar.es\/index.php?rest_route=\/wp\/v2\/types\/post"}],"author":[{"embeddable":true,"href":"https:\/\/contratacion.almunecar.es\/index.php?rest_route=\/wp\/v2\/users\/5"}],"replies":[{"embeddable":true,"href":"https:\/\/contratacion.almunecar.es\/index.php?rest_route=%2Fwp%2Fv2%2Fcomments&post=10143"}],"version-history":[{"count":12,"href":"https:\/\/contratacion.almunecar.es\/index.php?rest_route=\/wp\/v2\/posts\/10143\/revisions"}],"predecessor-version":[{"id":10919,"href":"https:\/\/contratacion.almunecar.es\/index.php?rest_route=\/wp\/v2\/posts\/10143\/revisions\/10919"}],"wp:attachment":[{"href":"https:\/\/contratacion.almunecar.es\/index.php?rest_route=%2Fwp%2Fv2%2Fmedia&parent=10143"}],"wp:term":[{"taxonomy":"category","embeddable":true,"href":"https:\/\/contratacion.almunecar.es\/index.php?rest_route=%2Fwp%2Fv2%2Fcategories&post=10143"},{"taxonomy":"post_tag","embeddable":true,"href":"https:\/\/contratacion.almunecar.es\/index.php?rest_route=%2Fwp%2Fv2%2Ftags&post=10143"}],"curies":[{"name":"wp","href":"https:\/\/api.w.org\/{rel}","templated":true}]}}