{"id":10083,"date":"2025-09-29T14:11:01","date_gmt":"2025-09-29T12:11:01","guid":{"rendered":"https:\/\/contratacion.almunecar.es\/?p=10083"},"modified":"2026-02-05T13:25:43","modified_gmt":"2026-02-05T11:25:43","slug":"expte-87c-2024-gest-7154-2024-concesion-de-servicio-de-gestion-de-la-escuela-de-musica-y-danza-de-almunecar","status":"publish","type":"post","link":"https:\/\/contratacion.almunecar.es\/?p=10083","title":{"rendered":"Expte. 87C\/2024 (GEST 7154\/2024). Concesi\u00f3n de Servicio de Gesti\u00f3n de la Escuela de M\u00fasica y Danza de Almu\u00f1\u00e9car."},"content":{"rendered":"<p>29\/09\/2025 <a href=\"https:\/\/contratacion.almunecar.es\/wp-content\/uploads\/2025\/09\/Informe-necesidad-del-servicio-ausencia-de-medios-y-no-division-en-lotes.pdf\">Informe necesidad del servicio ausencia de medios y no division en lotes<\/a><\/p>\n<p>29\/09\/2025 <a href=\"https:\/\/contratacion.almunecar.es\/wp-content\/uploads\/2025\/09\/Inventario-instrumentos-Septiembre-2024.pdf\">Inventario instrumentos Septiembre 2024<\/a><\/p>\n<p>29\/09\/2025 <a href=\"https:\/\/contratacion.almunecar.es\/wp-content\/uploads\/2025\/09\/MEMORIA-JUSTIFICATIVA-1.pdf\">MEMORIA JUSTIFICATIVA<\/a><\/p>\n<p>29\/09\/2025 <a href=\"https:\/\/contratacion.almunecar.es\/wp-content\/uploads\/2025\/09\/ESTUDIO-VIABILIDAD-ESCUELA-MuSICA-ALMUNECAR.pdf\">ESTUDIO VIABILIDAD ESCUELA MuSICA ALMUNECAR<\/a><\/p>\n<p>29\/09\/2025 <a href=\"https:\/\/contratacion.almunecar.es\/wp-content\/uploads\/2025\/09\/Valoracion-estimada-de-las-obras-de-mejora-de-la-escuela-de-musica.pdf\">Valoracion estimada de las obras de mejora de la escuela de musica<\/a><\/p>\n<p>29\/09\/2025 <a href=\"https:\/\/contratacion.almunecar.es\/wp-content\/uploads\/2025\/09\/PPT-Pliego-Condiciones-Tecnicas-Escuela-Musica-y-Danza-Almunecar-2025.pdf\">PPT Pliego Condiciones Tecnicas Escuela Musica y Danza Almunecar 2025<\/a><\/p>\n<p>29\/09\/2025 <a href=\"https:\/\/contratacion.almunecar.es\/wp-content\/uploads\/2025\/09\/PCAP_CONCESION-SERVICIOS-ESCUELA-DE-MUSICA.pdf\">PCAP_CONCESION SERVICIOS ESCUELA DE MUSICA<\/a><\/p>\n<p>29\/09\/2025 <a href=\"https:\/\/contratacion.almunecar.es\/wp-content\/uploads\/2025\/09\/CERTIFICADOPLENO-25-09-25.pdf\">CERTIFICADOPLENO 25-09-25<\/a><\/p>\n<p>Las ofertas podr\u00e1n presentarse hasta el 13\/10\/2025, a las 11:00 horas. Para m\u00e1s informaci\u00f3n y presentaci\u00f3n de ofertas: <a href=\"https:\/\/contrataciondelestado.es\/wps\/poc?uri=deeplink%3Adetalle_licitacion&amp;idEvl=b9L98MOAstXkY6rls5tG9A%3D%3D\">click aqu\u00ed<\/a><\/p>\n<p>22\/10\/2025 <a href=\"https:\/\/contratacion.almunecar.es\/wp-content\/uploads\/2025\/08\/CITACION-MESA-DE-CONTRATACION-2025-10-27.pdf\">CITACION MESA DE CONTRATACION 2025-10-27<\/a><\/p>\n<p>29\/10\/2025 <a href=\"https:\/\/contratacion.almunecar.es\/wp-content\/uploads\/2025\/08\/ACTA-MESA-DE-CONTRATACION-2025-10-27.pdf\">ACTA MESA DE CONTRATACION 2025-10-27<\/a><\/p>\n<p>13\/11\/2025 <a href=\"https:\/\/contratacion.almunecar.es\/wp-content\/uploads\/2025\/10\/CITACION-MESA-DE-CONTRATACION-2025-11-19.pdf\">CITACION MESA DE CONTRATACION 2025-11-19<\/a><\/p>\n<p>24\/11\/2025 <a href=\"https:\/\/contratacion.almunecar.es\/wp-content\/uploads\/2025\/10\/ACTA-MESA-DE-CONTRATACION-2025-11-19.pdf\">ACTA MESA DE CONTRATACION 2025-11-19<\/a><\/p>\n<p>26\/11\/2025 <a href=\"https:\/\/contratacion.almunecar.es\/wp-content\/uploads\/2025\/09\/RA-REQUER-DOC-CONCESION-ESCUELA-MUSICA-Y-DANZA.pdf\">RA REQUER DOC CONCESION ESCUELA MUSICA Y DANZA<\/a><\/p>\n<p>26\/11\/2025 <a href=\"https:\/\/contratacion.almunecar.es\/wp-content\/uploads\/2025\/09\/PLACSP-REQUER-DOC-CONCESION-ESCUELA-MUSICA-Y-DANZA.pdf\">PLACSP &#8211; REQUER DOC CONCESION ESCUELA MUSICA Y DANZA<\/a><\/p>\n<p>12\/01\/2025 <a href=\"https:\/\/contratacion.almunecar.es\/wp-content\/uploads\/2025\/09\/RA-ADJUDICACION-CONCESION-ESCUELA-MUSICA-Y-DANZA.pdf\">RA ADJUDICACION CONCESION ESCUELA MUSICA Y DANZA<\/a><\/p>\n<p>12\/01\/2025 <a href=\"https:\/\/contratacion.almunecar.es\/wp-content\/uploads\/2025\/09\/PLACSP-ADJUDICACION-CONCESION-ESCUELA-MUSICA-Y-DANZA.pdf\">PLACSP &#8211; ADJUDICACION CONCESION ESCUELA MUSICA Y DANZA<\/a><\/p>\n<p>05\/02\/2026 <a href=\"https:\/\/contratacion.almunecar.es\/wp-content\/uploads\/2025\/09\/PLACSP-FORMALIZACION-CONTRATAO-CONCESION-ESCUELA-MUSICA.pdf\">PLACSP &#8211; FORMALIZACION CONTRATAO CONCESION ESCUELA MUSICA<\/a><\/p>\n<p>&nbsp;<\/p>\n","protected":false},"excerpt":{"rendered":"<p>29\/09\/2025 Informe necesidad del servicio ausencia de medios y no division en lotes 29\/09\/2025 Inventario instrumentos Septiembre 2024 29\/09\/2025 MEMORIA JUSTIFICATIVA 29\/09\/2025 ESTUDIO VIABILIDAD ESCUELA MuSICA ALMUNECAR 29\/09\/2025 Valoracion estimada de las obras de mejora de la escuela de musica 29\/09\/2025 PPT Pliego Condiciones Tecnicas Escuela Musica y Danza Almunecar 2025 29\/09\/2025 PCAP_CONCESION SERVICIOS ESCUELA&hellip; <br \/> <a class=\"button small blue\" href=\"https:\/\/contratacion.almunecar.es\/?p=10083\">Leer m\u00e1s<\/a><\/p>\n","protected":false},"author":5,"featured_media":0,"comment_status":"closed","ping_status":"closed","sticky":false,"template":"","format":"standard","meta":{"_acf_changed":false,"footnotes":""},"categories":[5,3,7,12,4],"tags":[],"class_list":["post-10083","post","type-post","status-publish","format-standard","hentry","category-adjudicacion_final","category-anuncio","category-formalizacion","category-formalizacion-de-contrato","category-licitacion"],"acf":[],"_links":{"self":[{"href":"https:\/\/contratacion.almunecar.es\/index.php?rest_route=\/wp\/v2\/posts\/10083","targetHints":{"allow":["GET"]}}],"collection":[{"href":"https:\/\/contratacion.almunecar.es\/index.php?rest_route=\/wp\/v2\/posts"}],"about":[{"href":"https:\/\/contratacion.almunecar.es\/index.php?rest_route=\/wp\/v2\/types\/post"}],"author":[{"embeddable":true,"href":"https:\/\/contratacion.almunecar.es\/index.php?rest_route=\/wp\/v2\/users\/5"}],"replies":[{"embeddable":true,"href":"https:\/\/contratacion.almunecar.es\/index.php?rest_route=%2Fwp%2Fv2%2Fcomments&post=10083"}],"version-history":[{"count":10,"href":"https:\/\/contratacion.almunecar.es\/index.php?rest_route=\/wp\/v2\/posts\/10083\/revisions"}],"predecessor-version":[{"id":10749,"href":"https:\/\/contratacion.almunecar.es\/index.php?rest_route=\/wp\/v2\/posts\/10083\/revisions\/10749"}],"wp:attachment":[{"href":"https:\/\/contratacion.almunecar.es\/index.php?rest_route=%2Fwp%2Fv2%2Fmedia&parent=10083"}],"wp:term":[{"taxonomy":"category","embeddable":true,"href":"https:\/\/contratacion.almunecar.es\/index.php?rest_route=%2Fwp%2Fv2%2Fcategories&post=10083"},{"taxonomy":"post_tag","embeddable":true,"href":"https:\/\/contratacion.almunecar.es\/index.php?rest_route=%2Fwp%2Fv2%2Ftags&post=10083"}],"curies":[{"name":"wp","href":"https:\/\/api.w.org\/{rel}","templated":true}]}}