{"id":10063,"date":"2025-09-23T10:28:28","date_gmt":"2025-09-23T08:28:28","guid":{"rendered":"https:\/\/contratacion.almunecar.es\/?p=10063"},"modified":"2025-09-23T10:31:13","modified_gmt":"2025-09-23T08:31:13","slug":"expte-141-2025-gest-11596-2025-instalacion-de-pista-multideportiva-en-el-parque-infantil-rio-verde-en-almunecar","status":"publish","type":"post","link":"https:\/\/contratacion.almunecar.es\/?p=10063","title":{"rendered":"Expte. 141\/2025 (Gest 11596\/2025). Instalaci\u00f3n de Pista Multideportiva en el Parque Infantil R\u00edo Verde, en Almu\u00f1\u00e9car."},"content":{"rendered":"<p>23\/09\/2025 <a href=\"https:\/\/contratacion.almunecar.es\/wp-content\/uploads\/2025\/09\/Informe-de-necesidad-1.pdf\">Informe de necesidad<\/a><\/p>\n<p>23\/09\/2025 <a href=\"https:\/\/contratacion.almunecar.es\/wp-content\/uploads\/2025\/09\/MEMORIA-TECNICA-PISTA-DEPORTIVA-PARQUE-INFANTIL-RIO-VERDE.pdf\">MEMORIA TECNICA PISTA DEPORTIVA PARQUE INFANTIL RIO VERDE<\/a><\/p>\n<p>Las ofertas podr\u00e1n presentarse hasta el d\u00eda 26\/09\/2025, a las 23:59 horas, a trav\u00e9s de : SEDE ELECTR\u00d3NICA DEL AYUNTAMIENTO DE ALMU\u00d1\u00c9CAR &#8211; TR\u00c1MITES &#8211; CONTRATACI\u00d3N &#8211; PRESENTACI\u00d3N DE OFERTAS DE CONTRATOS MENORES.<\/p>\n<p>Es obligatorio adjuntar presupuesto.<\/p>\n","protected":false},"excerpt":{"rendered":"<p>23\/09\/2025 Informe de necesidad 23\/09\/2025 MEMORIA TECNICA PISTA DEPORTIVA PARQUE INFANTIL RIO VERDE Las ofertas podr\u00e1n presentarse hasta el d\u00eda 26\/09\/2025, a las 23:59 horas, a trav\u00e9s de : SEDE ELECTR\u00d3NICA DEL AYUNTAMIENTO DE ALMU\u00d1\u00c9CAR &#8211; TR\u00c1MITES &#8211; CONTRATACI\u00d3N &#8211; PRESENTACI\u00d3N DE OFERTAS DE CONTRATOS MENORES. Es obligatorio adjuntar presupuesto.<\/p>\n","protected":false},"author":5,"featured_media":0,"comment_status":"closed","ping_status":"closed","sticky":false,"template":"","format":"standard","meta":{"_acf_changed":false,"footnotes":""},"categories":[3,10,4],"tags":[],"class_list":["post-10063","post","type-post","status-publish","format-standard","hentry","category-anuncio","category-menores","category-licitacion"],"acf":[],"_links":{"self":[{"href":"https:\/\/contratacion.almunecar.es\/index.php?rest_route=\/wp\/v2\/posts\/10063","targetHints":{"allow":["GET"]}}],"collection":[{"href":"https:\/\/contratacion.almunecar.es\/index.php?rest_route=\/wp\/v2\/posts"}],"about":[{"href":"https:\/\/contratacion.almunecar.es\/index.php?rest_route=\/wp\/v2\/types\/post"}],"author":[{"embeddable":true,"href":"https:\/\/contratacion.almunecar.es\/index.php?rest_route=\/wp\/v2\/users\/5"}],"replies":[{"embeddable":true,"href":"https:\/\/contratacion.almunecar.es\/index.php?rest_route=%2Fwp%2Fv2%2Fcomments&post=10063"}],"version-history":[{"count":4,"href":"https:\/\/contratacion.almunecar.es\/index.php?rest_route=\/wp\/v2\/posts\/10063\/revisions"}],"predecessor-version":[{"id":10069,"href":"https:\/\/contratacion.almunecar.es\/index.php?rest_route=\/wp\/v2\/posts\/10063\/revisions\/10069"}],"wp:attachment":[{"href":"https:\/\/contratacion.almunecar.es\/index.php?rest_route=%2Fwp%2Fv2%2Fmedia&parent=10063"}],"wp:term":[{"taxonomy":"category","embeddable":true,"href":"https:\/\/contratacion.almunecar.es\/index.php?rest_route=%2Fwp%2Fv2%2Fcategories&post=10063"},{"taxonomy":"post_tag","embeddable":true,"href":"https:\/\/contratacion.almunecar.es\/index.php?rest_route=%2Fwp%2Fv2%2Ftags&post=10063"}],"curies":[{"name":"wp","href":"https:\/\/api.w.org\/{rel}","templated":true}]}}